{"id":994,"date":"2014-03-24T16:53:54","date_gmt":"2014-03-24T16:53:54","guid":{"rendered":"https:\/\/www.opticapedraza.com\/blog\/?p=994"},"modified":"2014-03-24T18:53:13","modified_gmt":"2014-03-24T18:53:13","slug":"3-1-phillip-lim-llega-a-salamanca-en-optica-manuel-pedraza","status":"publish","type":"post","link":"https:\/\/www.opticapedraza.com\/blog\/3-1-phillip-lim-llega-a-salamanca-en-optica-manuel-pedraza\/","title":{"rendered":"\u00ab3.1 Phillip Lim\u00bb llega a Salamanca en \u00d3ptica Manuel Pedraza"},"content":{"rendered":"<p><a href=\"https:\/\/www.opticapedraza.com\/blog\/wp-content\/uploads\/Phillip-Lim.jpg\"><img loading=\"lazy\" decoding=\"async\" class=\"wp-image-1001 alignleft\" alt=\"Phillip Lim\" src=\"https:\/\/www.opticapedraza.com\/blog\/wp-content\/uploads\/Phillip-Lim.jpg\" width=\"169\" height=\"95\" \/><\/a>Es el dise\u00f1ador \u00a0de la moda cl\u00e1sica con un toque de locura, dando un resultado fresco y chic para hombres y mujeres.<br \/>\nDesde que debutara en 2005 en la pasarela de Nueva York, Phillip Lim es uno de los valores m\u00e1s cotizados de la industria de la moda estadounidense.<\/p>\n<p><a href=\"https:\/\/www.opticapedraza.com\/blog\/wp-content\/uploads\/image184.jpg\"><img loading=\"lazy\" decoding=\"async\" class=\"size-medium wp-image-999 aligncenter\" alt=\"Phillip Lim\" src=\"https:\/\/www.opticapedraza.com\/blog\/wp-content\/uploads\/image184-300x175.jpg\" width=\"300\" height=\"175\" srcset=\"https:\/\/www.opticapedraza.com\/blog\/wp-content\/uploads\/image184-300x175.jpg 300w, https:\/\/www.opticapedraza.com\/blog\/wp-content\/uploads\/image184.jpg 600w\" sizes=\"auto, (max-width: 300px) 100vw, 300px\" \/><\/a><br \/>\nLe definen como vanguardista y cl\u00e1sico a la vez, moderno y atemporal.<br \/>\nCuando cre\u00f3 la marca junt\u00f3 a su socio Wen Zhou, ambos ten\u00edan 31 a\u00f1os, de ah\u00ed el prefijo de la marca 3.1.<\/p>\n<p><a href=\"https:\/\/www.opticapedraza.com\/blog\/wp-content\/uploads\/image183.jpg\"><img loading=\"lazy\" decoding=\"async\" class=\"size-medium wp-image-998 aligncenter\" alt=\"Philli Lim\" src=\"https:\/\/www.opticapedraza.com\/blog\/wp-content\/uploads\/image183-300x175.jpg\" width=\"300\" height=\"175\" srcset=\"https:\/\/www.opticapedraza.com\/blog\/wp-content\/uploads\/image183-300x175.jpg 300w, https:\/\/www.opticapedraza.com\/blog\/wp-content\/uploads\/image183.jpg 600w\" sizes=\"auto, (max-width: 300px) 100vw, 300px\" \/><\/a><br \/>\nEn pocos a\u00f1os ha conseguido casi todos los premios con los que un creador de moda puede so\u00f1ar.<\/p>\n<p><a href=\"https:\/\/www.opticapedraza.com\/blog\/wp-content\/uploads\/image182.jpg\"><img loading=\"lazy\" decoding=\"async\" class=\"size-medium wp-image-997 aligncenter\" alt=\"Phillip Lim\" src=\"https:\/\/www.opticapedraza.com\/blog\/wp-content\/uploads\/image182-300x175.jpg\" width=\"300\" height=\"175\" srcset=\"https:\/\/www.opticapedraza.com\/blog\/wp-content\/uploads\/image182-300x175.jpg 300w, https:\/\/www.opticapedraza.com\/blog\/wp-content\/uploads\/image182.jpg 600w\" sizes=\"auto, (max-width: 300px) 100vw, 300px\" \/><\/a><br \/>\nY sus dise\u00f1os de gafas graduadas y de sol ya las tenemos para t\u00ed! Esta es una breve muestra, si quieres m\u00e1s ya sabes donde estamos, en Plaza de la Fuente 18, en Salamanca.<\/p>\n<p><a href=\"https:\/\/www.opticapedraza.com\/blog\/wp-content\/uploads\/image185.jpg\"><img loading=\"lazy\" decoding=\"async\" class=\"size-medium wp-image-1000 aligncenter\" alt=\"Phillip-lim\" src=\"https:\/\/www.opticapedraza.com\/blog\/wp-content\/uploads\/image185-300x175.jpg\" width=\"300\" height=\"175\" srcset=\"https:\/\/www.opticapedraza.com\/blog\/wp-content\/uploads\/image185-300x175.jpg 300w, https:\/\/www.opticapedraza.com\/blog\/wp-content\/uploads\/image185.jpg 600w\" sizes=\"auto, (max-width: 300px) 100vw, 300px\" \/><\/a><\/p>\n<div style=\"padding-bottom:20px; padding-top:10px;\" class=\"hupso-share-buttons\"><!-- Hupso Share Buttons - https:\/\/www.hupso.com\/share\/ --><a class=\"hupso_toolbar\" href=\"https:\/\/www.hupso.com\/share\/\"><img decoding=\"async\" src=\"https:\/\/static.hupso.com\/share\/buttons\/lang\/es\/share-medium.png\" style=\"border:0px; padding-top: 5px; float:left;\" alt=\"Share Button\"\/><\/a><script type=\"text\/javascript\">var hupso_services_t=new Array(\"Twitter\",\"Facebook\",\"Google Plus\",\"Pinterest\",\"Email\",\"Print\");var hupso_background_t=\"#EAF4FF\";var hupso_border_t=\"#66CCFF\";var hupso_toolbar_size_t=\"medium\";var hupso_image_folder_url = \"\";var hupso_url_t=\"\";var hupso_title_t=\"%223.1%20Phillip%20Lim%22%20llega%20a%20Salamanca%20en%20%C3%93ptica%20Manuel%20Pedraza\";<\/script><script type=\"text\/javascript\" src=\"https:\/\/static.hupso.com\/share\/js\/share_toolbar.js\"><\/script><!-- Hupso Share Buttons --><\/div>","protected":false},"excerpt":{"rendered":"<p>Es el dise\u00f1ador \u00a0de la moda cl\u00e1sica con un toque de locura, dando un resultado fresco y chic para hombres y mujeres. Desde que debutara en 2005 en la pasarela de Nueva York, Phillip Lim es uno de los valores&#8230;<\/p>\n<div style=\"padding-bottom:20px; padding-top:10px;\" class=\"hupso-share-buttons\"><!-- Hupso Share Buttons - https:\/\/www.hupso.com\/share\/ --><a class=\"hupso_toolbar\" href=\"https:\/\/www.hupso.com\/share\/\"><img src=\"https:\/\/static.hupso.com\/share\/buttons\/lang\/es\/share-medium.png\" style=\"border:0px; padding-top: 5px; float:left;\" alt=\"Share Button\"\/><\/a><script type=\"text\/javascript\">var hupso_services_t=new Array(\"Twitter\",\"Facebook\",\"Google Plus\",\"Pinterest\",\"Email\",\"Print\");var hupso_background_t=\"#EAF4FF\";var hupso_border_t=\"#66CCFF\";var hupso_toolbar_size_t=\"medium\";var hupso_image_folder_url = \"\";var hupso_url_t=\"\";var hupso_title_t=\"%223.1%20Phillip%20Lim%22%20llega%20a%20Salamanca%20en%20%C3%93ptica%20Manuel%20Pedraza\";<\/script><script type=\"text\/javascript\" src=\"https:\/\/static.hupso.com\/share\/js\/share_toolbar.js\"><\/script><!-- Hupso Share Buttons --><\/div>","protected":false},"author":1,"featured_media":1000,"comment_status":"open","ping_status":"closed","sticky":false,"template":"","format":"standard","meta":{"footnotes":""},"categories":[2,1,6],"tags":[93],"class_list":["post-994","post","type-post","status-publish","format-standard","has-post-thumbnail","hentry","category-gafas-de-sol","category-gafas-graduadas","category-moda","tag-phillip-lim"],"aioseo_notices":[],"_links":{"self":[{"href":"https:\/\/www.opticapedraza.com\/blog\/wp-json\/wp\/v2\/posts\/994","targetHints":{"allow":["GET"]}}],"collection":[{"href":"https:\/\/www.opticapedraza.com\/blog\/wp-json\/wp\/v2\/posts"}],"about":[{"href":"https:\/\/www.opticapedraza.com\/blog\/wp-json\/wp\/v2\/types\/post"}],"author":[{"embeddable":true,"href":"https:\/\/www.opticapedraza.com\/blog\/wp-json\/wp\/v2\/users\/1"}],"replies":[{"embeddable":true,"href":"https:\/\/www.opticapedraza.com\/blog\/wp-json\/wp\/v2\/comments?post=994"}],"version-history":[{"count":7,"href":"https:\/\/www.opticapedraza.com\/blog\/wp-json\/wp\/v2\/posts\/994\/revisions"}],"predecessor-version":[{"id":1006,"href":"https:\/\/www.opticapedraza.com\/blog\/wp-json\/wp\/v2\/posts\/994\/revisions\/1006"}],"wp:featuredmedia":[{"embeddable":true,"href":"https:\/\/www.opticapedraza.com\/blog\/wp-json\/wp\/v2\/media\/1000"}],"wp:attachment":[{"href":"https:\/\/www.opticapedraza.com\/blog\/wp-json\/wp\/v2\/media?parent=994"}],"wp:term":[{"taxonomy":"category","embeddable":true,"href":"https:\/\/www.opticapedraza.com\/blog\/wp-json\/wp\/v2\/categories?post=994"},{"taxonomy":"post_tag","embeddable":true,"href":"https:\/\/www.opticapedraza.com\/blog\/wp-json\/wp\/v2\/tags?post=994"}],"curies":[{"name":"wp","href":"https:\/\/api.w.org\/{rel}","templated":true}]}}