{"id":989,"date":"2014-03-21T18:32:13","date_gmt":"2014-03-21T18:32:13","guid":{"rendered":"https:\/\/www.opticapedraza.com\/blog\/?p=989"},"modified":"2014-03-21T18:32:13","modified_gmt":"2014-03-21T18:32:13","slug":"mykita-en-salamanca-gafas-que-hablan-por-si-solas","status":"publish","type":"post","link":"https:\/\/www.opticapedraza.com\/blog\/mykita-en-salamanca-gafas-que-hablan-por-si-solas\/","title":{"rendered":"MYKITA en Salamanca. Gafas que hablan por s\u00ed solas"},"content":{"rendered":"<p>No hace falta que haga ninguna presentaci\u00f3n especial porque esta colecci\u00f3n deja boquiabierto a cualquiera.<\/p>\n<p><a href=\"https:\/\/www.opticapedraza.com\/blog\/wp-content\/uploads\/image181.jpg\"><img loading=\"lazy\" decoding=\"async\" class=\"size-medium wp-image-988 aligncenter\" alt=\"Mykita\" src=\"https:\/\/www.opticapedraza.com\/blog\/wp-content\/uploads\/image181-300x200.jpg\" width=\"300\" height=\"200\" srcset=\"https:\/\/www.opticapedraza.com\/blog\/wp-content\/uploads\/image181-300x200.jpg 300w, https:\/\/www.opticapedraza.com\/blog\/wp-content\/uploads\/image181-1024x682.jpg 1024w, https:\/\/www.opticapedraza.com\/blog\/wp-content\/uploads\/image181-900x600.jpg 900w\" sizes=\"auto, (max-width: 300px) 100vw, 300px\" \/><\/a><\/p>\n<p>Excelente calidad, dise\u00f1o atemporal e inigualable tecnolog\u00eda.<\/p>\n<p><a href=\"https:\/\/www.opticapedraza.com\/blog\/wp-content\/uploads\/image180.jpg\"><img loading=\"lazy\" decoding=\"async\" class=\"size-medium wp-image-987 aligncenter\" alt=\"Mykita\" src=\"https:\/\/www.opticapedraza.com\/blog\/wp-content\/uploads\/image180-300x200.jpg\" width=\"300\" height=\"200\" srcset=\"https:\/\/www.opticapedraza.com\/blog\/wp-content\/uploads\/image180-300x200.jpg 300w, https:\/\/www.opticapedraza.com\/blog\/wp-content\/uploads\/image180-1024x682.jpg 1024w, https:\/\/www.opticapedraza.com\/blog\/wp-content\/uploads\/image180-900x600.jpg 900w\" sizes=\"auto, (max-width: 300px) 100vw, 300px\" \/><\/a><\/p>\n<p>Super s\u00faper ligeras<\/p>\n<p><a href=\"https:\/\/www.opticapedraza.com\/blog\/wp-content\/uploads\/image179.jpg\"><img loading=\"lazy\" decoding=\"async\" class=\"size-medium wp-image-986 aligncenter\" alt=\"image\" src=\"https:\/\/www.opticapedraza.com\/blog\/wp-content\/uploads\/image179-300x150.jpg\" width=\"300\" height=\"150\" srcset=\"https:\/\/www.opticapedraza.com\/blog\/wp-content\/uploads\/image179-300x150.jpg 300w, https:\/\/www.opticapedraza.com\/blog\/wp-content\/uploads\/image179.jpg 800w\" sizes=\"auto, (max-width: 300px) 100vw, 300px\" \/><\/a><\/p>\n<p>&nbsp;<\/p>\n<p>Ya la nueva colecci\u00f3n en \u00d3ptica Manuel Pedraza, en Salamanca<\/p>\n<p><a href=\"https:\/\/www.opticapedraza.com\/blog\/wp-content\/uploads\/image176.jpg\"><img loading=\"lazy\" decoding=\"async\" class=\"size-medium wp-image-983 aligncenter\" alt=\"Mykita\" src=\"https:\/\/www.opticapedraza.com\/blog\/wp-content\/uploads\/image176-300x150.jpg\" width=\"300\" height=\"150\" srcset=\"https:\/\/www.opticapedraza.com\/blog\/wp-content\/uploads\/image176-300x150.jpg 300w, https:\/\/www.opticapedraza.com\/blog\/wp-content\/uploads\/image176-900x450.jpg 900w, https:\/\/www.opticapedraza.com\/blog\/wp-content\/uploads\/image176.jpg 1000w\" sizes=\"auto, (max-width: 300px) 100vw, 300px\" \/><\/a><\/p>\n<div style=\"padding-bottom:20px; padding-top:10px;\" class=\"hupso-share-buttons\"><!-- Hupso Share Buttons - https:\/\/www.hupso.com\/share\/ --><a class=\"hupso_toolbar\" href=\"https:\/\/www.hupso.com\/share\/\"><img decoding=\"async\" src=\"https:\/\/static.hupso.com\/share\/buttons\/lang\/es\/share-medium.png\" style=\"border:0px; padding-top: 5px; float:left;\" alt=\"Share Button\"\/><\/a><script type=\"text\/javascript\">var hupso_services_t=new Array(\"Twitter\",\"Facebook\",\"Google Plus\",\"Pinterest\",\"Email\",\"Print\");var hupso_background_t=\"#EAF4FF\";var hupso_border_t=\"#66CCFF\";var hupso_toolbar_size_t=\"medium\";var hupso_image_folder_url = \"\";var hupso_url_t=\"\";var hupso_title_t=\"MYKITA%20en%20Salamanca.%20Gafas%20que%20hablan%20por%20s%C3%AD%20solas\";<\/script><script type=\"text\/javascript\" src=\"https:\/\/static.hupso.com\/share\/js\/share_toolbar.js\"><\/script><!-- Hupso Share Buttons --><\/div>","protected":false},"excerpt":{"rendered":"<p>No hace falta que haga ninguna presentaci\u00f3n especial porque esta colecci\u00f3n deja boquiabierto a cualquiera. Excelente calidad, dise\u00f1o atemporal e inigualable tecnolog\u00eda. Super s\u00faper ligeras &nbsp; Ya la nueva colecci\u00f3n en \u00d3ptica Manuel Pedraza, en Salamanca<\/p>\n<div style=\"padding-bottom:20px; padding-top:10px;\" class=\"hupso-share-buttons\"><!-- Hupso Share Buttons - https:\/\/www.hupso.com\/share\/ --><a class=\"hupso_toolbar\" href=\"https:\/\/www.hupso.com\/share\/\"><img src=\"https:\/\/static.hupso.com\/share\/buttons\/lang\/es\/share-medium.png\" style=\"border:0px; padding-top: 5px; float:left;\" alt=\"Share Button\"\/><\/a><script type=\"text\/javascript\">var hupso_services_t=new Array(\"Twitter\",\"Facebook\",\"Google Plus\",\"Pinterest\",\"Email\",\"Print\");var hupso_background_t=\"#EAF4FF\";var hupso_border_t=\"#66CCFF\";var hupso_toolbar_size_t=\"medium\";var hupso_image_folder_url = \"\";var hupso_url_t=\"\";var hupso_title_t=\"MYKITA%20en%20Salamanca.%20Gafas%20que%20hablan%20por%20s%C3%AD%20solas\";<\/script><script type=\"text\/javascript\" src=\"https:\/\/static.hupso.com\/share\/js\/share_toolbar.js\"><\/script><!-- Hupso Share Buttons --><\/div>","protected":false},"author":1,"featured_media":984,"comment_status":"open","ping_status":"closed","sticky":false,"template":"","format":"standard","meta":{"footnotes":""},"categories":[2,1,6],"tags":[],"class_list":["post-989","post","type-post","status-publish","format-standard","has-post-thumbnail","hentry","category-gafas-de-sol","category-gafas-graduadas","category-moda"],"aioseo_notices":[],"_links":{"self":[{"href":"https:\/\/www.opticapedraza.com\/blog\/wp-json\/wp\/v2\/posts\/989","targetHints":{"allow":["GET"]}}],"collection":[{"href":"https:\/\/www.opticapedraza.com\/blog\/wp-json\/wp\/v2\/posts"}],"about":[{"href":"https:\/\/www.opticapedraza.com\/blog\/wp-json\/wp\/v2\/types\/post"}],"author":[{"embeddable":true,"href":"https:\/\/www.opticapedraza.com\/blog\/wp-json\/wp\/v2\/users\/1"}],"replies":[{"embeddable":true,"href":"https:\/\/www.opticapedraza.com\/blog\/wp-json\/wp\/v2\/comments?post=989"}],"version-history":[{"count":3,"href":"https:\/\/www.opticapedraza.com\/blog\/wp-json\/wp\/v2\/posts\/989\/revisions"}],"predecessor-version":[{"id":993,"href":"https:\/\/www.opticapedraza.com\/blog\/wp-json\/wp\/v2\/posts\/989\/revisions\/993"}],"wp:featuredmedia":[{"embeddable":true,"href":"https:\/\/www.opticapedraza.com\/blog\/wp-json\/wp\/v2\/media\/984"}],"wp:attachment":[{"href":"https:\/\/www.opticapedraza.com\/blog\/wp-json\/wp\/v2\/media?parent=989"}],"wp:term":[{"taxonomy":"category","embeddable":true,"href":"https:\/\/www.opticapedraza.com\/blog\/wp-json\/wp\/v2\/categories?post=989"},{"taxonomy":"post_tag","embeddable":true,"href":"https:\/\/www.opticapedraza.com\/blog\/wp-json\/wp\/v2\/tags?post=989"}],"curies":[{"name":"wp","href":"https:\/\/api.w.org\/{rel}","templated":true}]}}