{"id":94,"date":"2013-07-04T16:21:19","date_gmt":"2013-07-04T16:21:19","guid":{"rendered":"https:\/\/www.opticapedraza.com\/blog\/?p=94"},"modified":"2013-07-04T16:22:10","modified_gmt":"2013-07-04T16:22:10","slug":"italia-independentgafas-de-sol-termicas-que-cambian-de-color-con-el-calor","status":"publish","type":"post","link":"https:\/\/www.opticapedraza.com\/blog\/italia-independentgafas-de-sol-termicas-que-cambian-de-color-con-el-calor\/","title":{"rendered":"Italia Independent:Gafas de sol t\u00e9rmicas que cambian de color con el calor"},"content":{"rendered":"<p><strong>La famosa e innovadora casa italiana ITALIA INDEPENDENT nos trae nuevos modelos de la colecci\u00f3n de gafas de sol t\u00e9rmicas que ya os presentamos hace tiempo.<\/strong><\/p>\n<p>Aprovechando que el print animal est\u00e1 tan de moda, el efecto cebra y leopardo har\u00e1n que disfrutes de dos gafas en una. Una gafa totalmente negra en caucho mate, ideal para el invierno y para el verano un estampado divertido y muy original.<\/p>\n<p>En \u00d3pticas Manuel Pedraza, en Salamanca<\/p>\n<p><a href=\"https:\/\/www.opticapedraza.com\/blog\/wp-content\/uploads\/image7.jpg\"><img loading=\"lazy\" decoding=\"async\" class=\"alignnone size-thumbnail wp-image-96\" alt=\"Italia Independent:Gafas de sol t\u00e9rmicas que cambian de color con el calor\" src=\"https:\/\/www.opticapedraza.com\/blog\/wp-content\/uploads\/image7-150x150.jpg\" width=\"150\" height=\"150\" \/><\/a><a href=\"https:\/\/www.opticapedraza.com\/blog\/wp-content\/uploads\/image6.jpg\"><img loading=\"lazy\" decoding=\"async\" class=\"alignnone size-medium wp-image-95\" alt=\"Italia Independent:Gafas de sol t\u00e9rmicas que cambian de color con el calor\" src=\"https:\/\/www.opticapedraza.com\/blog\/wp-content\/uploads\/image6-300x166.jpg\" width=\"300\" height=\"166\" srcset=\"https:\/\/www.opticapedraza.com\/blog\/wp-content\/uploads\/image6-300x166.jpg 300w, https:\/\/www.opticapedraza.com\/blog\/wp-content\/uploads\/image6-1024x568.jpg 1024w\" sizes=\"auto, (max-width: 300px) 100vw, 300px\" \/><\/a><\/p>\n<div style=\"padding-bottom:20px; padding-top:10px;\" class=\"hupso-share-buttons\"><!-- Hupso Share Buttons - https:\/\/www.hupso.com\/share\/ --><a class=\"hupso_toolbar\" href=\"https:\/\/www.hupso.com\/share\/\"><img decoding=\"async\" src=\"https:\/\/static.hupso.com\/share\/buttons\/lang\/es\/share-medium.png\" style=\"border:0px; padding-top: 5px; float:left;\" alt=\"Share Button\"\/><\/a><script type=\"text\/javascript\">var hupso_services_t=new Array(\"Twitter\",\"Facebook\",\"Google Plus\",\"Pinterest\",\"Email\",\"Print\");var hupso_background_t=\"#EAF4FF\";var hupso_border_t=\"#66CCFF\";var hupso_toolbar_size_t=\"medium\";var hupso_image_folder_url = \"\";var hupso_url_t=\"\";var hupso_title_t=\"Italia%20Independent%3AGafas%20de%20sol%20t%C3%A9rmicas%20que%20cambian%20de%20color%20con%20el%20calor\";<\/script><script type=\"text\/javascript\" src=\"https:\/\/static.hupso.com\/share\/js\/share_toolbar.js\"><\/script><!-- Hupso Share Buttons --><\/div>","protected":false},"excerpt":{"rendered":"<p>La famosa e innovadora casa italiana ITALIA INDEPENDENT nos trae nuevos modelos de la colecci\u00f3n de gafas de sol t\u00e9rmicas que ya os presentamos hace tiempo. Aprovechando que el print animal est\u00e1 tan de moda, el efecto cebra y leopardo&#8230;<\/p>\n<div style=\"padding-bottom:20px; padding-top:10px;\" class=\"hupso-share-buttons\"><!-- Hupso Share Buttons - https:\/\/www.hupso.com\/share\/ --><a class=\"hupso_toolbar\" href=\"https:\/\/www.hupso.com\/share\/\"><img src=\"https:\/\/static.hupso.com\/share\/buttons\/lang\/es\/share-medium.png\" style=\"border:0px; padding-top: 5px; float:left;\" alt=\"Share Button\"\/><\/a><script type=\"text\/javascript\">var hupso_services_t=new Array(\"Twitter\",\"Facebook\",\"Google Plus\",\"Pinterest\",\"Email\",\"Print\");var hupso_background_t=\"#EAF4FF\";var hupso_border_t=\"#66CCFF\";var hupso_toolbar_size_t=\"medium\";var hupso_image_folder_url = \"\";var hupso_url_t=\"\";var hupso_title_t=\"Italia%20Independent%3AGafas%20de%20sol%20t%C3%A9rmicas%20que%20cambian%20de%20color%20con%20el%20calor\";<\/script><script type=\"text\/javascript\" src=\"https:\/\/static.hupso.com\/share\/js\/share_toolbar.js\"><\/script><!-- Hupso Share Buttons --><\/div>","protected":false},"author":1,"featured_media":95,"comment_status":"open","ping_status":"closed","sticky":false,"template":"","format":"standard","meta":{"footnotes":""},"categories":[2,6],"tags":[10,27,20,25,26],"class_list":["post-94","post","type-post","status-publish","format-standard","has-post-thumbnail","hentry","category-gafas-de-sol","category-moda","tag-gafas-de-sol-2","tag-gafas-de-sol-que-cambian-con-el-calor","tag-gafas-diseno","tag-gafas-que-cambian-de-color","tag-italia-independent"],"aioseo_notices":[],"_links":{"self":[{"href":"https:\/\/www.opticapedraza.com\/blog\/wp-json\/wp\/v2\/posts\/94","targetHints":{"allow":["GET"]}}],"collection":[{"href":"https:\/\/www.opticapedraza.com\/blog\/wp-json\/wp\/v2\/posts"}],"about":[{"href":"https:\/\/www.opticapedraza.com\/blog\/wp-json\/wp\/v2\/types\/post"}],"author":[{"embeddable":true,"href":"https:\/\/www.opticapedraza.com\/blog\/wp-json\/wp\/v2\/users\/1"}],"replies":[{"embeddable":true,"href":"https:\/\/www.opticapedraza.com\/blog\/wp-json\/wp\/v2\/comments?post=94"}],"version-history":[{"count":6,"href":"https:\/\/www.opticapedraza.com\/blog\/wp-json\/wp\/v2\/posts\/94\/revisions"}],"predecessor-version":[{"id":103,"href":"https:\/\/www.opticapedraza.com\/blog\/wp-json\/wp\/v2\/posts\/94\/revisions\/103"}],"wp:featuredmedia":[{"embeddable":true,"href":"https:\/\/www.opticapedraza.com\/blog\/wp-json\/wp\/v2\/media\/95"}],"wp:attachment":[{"href":"https:\/\/www.opticapedraza.com\/blog\/wp-json\/wp\/v2\/media?parent=94"}],"wp:term":[{"taxonomy":"category","embeddable":true,"href":"https:\/\/www.opticapedraza.com\/blog\/wp-json\/wp\/v2\/categories?post=94"},{"taxonomy":"post_tag","embeddable":true,"href":"https:\/\/www.opticapedraza.com\/blog\/wp-json\/wp\/v2\/tags?post=94"}],"curies":[{"name":"wp","href":"https:\/\/api.w.org\/{rel}","templated":true}]}}