{"id":931,"date":"2014-02-27T18:20:15","date_gmt":"2014-02-27T18:20:15","guid":{"rendered":"https:\/\/www.opticapedraza.com\/blog\/?p=931"},"modified":"2014-02-27T18:20:15","modified_gmt":"2014-02-27T18:20:15","slug":"mido-2014-feria-internacional-de-optica-optometria-y-oftalmologia","status":"publish","type":"post","link":"https:\/\/www.opticapedraza.com\/blog\/mido-2014-feria-internacional-de-optica-optometria-y-oftalmologia\/","title":{"rendered":"MIDO 2014: Feria Internacional de \u00d3ptica, Optometr\u00eda y Oftalmolog\u00eda"},"content":{"rendered":"<p>\u00a0Como todos los a\u00f1os, nos vamos a Mil\u00e1n, la cuna de la moda junto a Par\u00eds, para traeros todas las novedades en gafas graduadas, de sol, lentes oft\u00e1lmicas, maquinaria, ayudas de Baja Visi\u00f3n y mucho m\u00e1s!!<br \/>\nSon 6 pabellones, asique hay que\u00a0coger energ\u00eda porque son 4 d\u00edas y mucho que ver!!<\/p>\n<p>Aqu\u00ed os dejo un v\u00eddeo resumen de lo que fue la del a\u00f1o pasado<\/p>\n<p><iframe loading=\"lazy\" src=\"\/\/www.youtube.com\/embed\/12SeTj9fdB0?list=UUfVhNKi58_s3MtHQbfeH3tA\" height=\"315\" width=\"560\" allowfullscreen=\"\" frameborder=\"0\"><\/iframe><\/p>\n<p>A la vuelta os contamos!! Ciao!!!<\/p>\n<div style=\"padding-bottom:20px; padding-top:10px;\" class=\"hupso-share-buttons\"><!-- Hupso Share Buttons - https:\/\/www.hupso.com\/share\/ --><a class=\"hupso_toolbar\" href=\"https:\/\/www.hupso.com\/share\/\"><img decoding=\"async\" src=\"https:\/\/static.hupso.com\/share\/buttons\/lang\/es\/share-medium.png\" style=\"border:0px; padding-top: 5px; float:left;\" alt=\"Share Button\"\/><\/a><script type=\"text\/javascript\">var hupso_services_t=new Array(\"Twitter\",\"Facebook\",\"Google Plus\",\"Pinterest\",\"Email\",\"Print\");var hupso_background_t=\"#EAF4FF\";var hupso_border_t=\"#66CCFF\";var hupso_toolbar_size_t=\"medium\";var hupso_image_folder_url = \"\";var hupso_url_t=\"\";var hupso_title_t=\"MIDO%202014%3A%20Feria%20Internacional%20de%20%C3%93ptica%2C%20Optometr%C3%ADa%20y%20Oftalmolog%C3%ADa\";<\/script><script type=\"text\/javascript\" src=\"https:\/\/static.hupso.com\/share\/js\/share_toolbar.js\"><\/script><!-- Hupso Share Buttons --><\/div>","protected":false},"excerpt":{"rendered":"<p>\u00a0Como todos los a\u00f1os, nos vamos a Mil\u00e1n, la cuna de la moda junto a Par\u00eds, para traeros todas las novedades en gafas graduadas, de sol, lentes oft\u00e1lmicas, maquinaria, ayudas de Baja Visi\u00f3n y mucho m\u00e1s!! Son 6 pabellones, asique&#8230;<\/p>\n<div style=\"padding-bottom:20px; padding-top:10px;\" class=\"hupso-share-buttons\"><!-- Hupso Share Buttons - https:\/\/www.hupso.com\/share\/ --><a class=\"hupso_toolbar\" href=\"https:\/\/www.hupso.com\/share\/\"><img src=\"https:\/\/static.hupso.com\/share\/buttons\/lang\/es\/share-medium.png\" style=\"border:0px; padding-top: 5px; float:left;\" alt=\"Share Button\"\/><\/a><script type=\"text\/javascript\">var hupso_services_t=new Array(\"Twitter\",\"Facebook\",\"Google Plus\",\"Pinterest\",\"Email\",\"Print\");var hupso_background_t=\"#EAF4FF\";var hupso_border_t=\"#66CCFF\";var hupso_toolbar_size_t=\"medium\";var hupso_image_folder_url = \"\";var hupso_url_t=\"\";var hupso_title_t=\"MIDO%202014%3A%20Feria%20Internacional%20de%20%C3%93ptica%2C%20Optometr%C3%ADa%20y%20Oftalmolog%C3%ADa\";<\/script><script type=\"text\/javascript\" src=\"https:\/\/static.hupso.com\/share\/js\/share_toolbar.js\"><\/script><!-- Hupso Share Buttons --><\/div>","protected":false},"author":1,"featured_media":949,"comment_status":"open","ping_status":"closed","sticky":false,"template":"","format":"standard","meta":{"footnotes":""},"categories":[76,2,1,4],"tags":[86,48,20],"class_list":["post-931","post","type-post","status-publish","format-standard","has-post-thumbnail","hentry","category-cristales-graduados","category-gafas-de-sol","category-gafas-graduadas","category-lentillas-y-liquidos","tag-2014-2015","tag-feria","tag-gafas-diseno"],"aioseo_notices":[],"_links":{"self":[{"href":"https:\/\/www.opticapedraza.com\/blog\/wp-json\/wp\/v2\/posts\/931","targetHints":{"allow":["GET"]}}],"collection":[{"href":"https:\/\/www.opticapedraza.com\/blog\/wp-json\/wp\/v2\/posts"}],"about":[{"href":"https:\/\/www.opticapedraza.com\/blog\/wp-json\/wp\/v2\/types\/post"}],"author":[{"embeddable":true,"href":"https:\/\/www.opticapedraza.com\/blog\/wp-json\/wp\/v2\/users\/1"}],"replies":[{"embeddable":true,"href":"https:\/\/www.opticapedraza.com\/blog\/wp-json\/wp\/v2\/comments?post=931"}],"version-history":[{"count":4,"href":"https:\/\/www.opticapedraza.com\/blog\/wp-json\/wp\/v2\/posts\/931\/revisions"}],"predecessor-version":[{"id":950,"href":"https:\/\/www.opticapedraza.com\/blog\/wp-json\/wp\/v2\/posts\/931\/revisions\/950"}],"wp:featuredmedia":[{"embeddable":true,"href":"https:\/\/www.opticapedraza.com\/blog\/wp-json\/wp\/v2\/media\/949"}],"wp:attachment":[{"href":"https:\/\/www.opticapedraza.com\/blog\/wp-json\/wp\/v2\/media?parent=931"}],"wp:term":[{"taxonomy":"category","embeddable":true,"href":"https:\/\/www.opticapedraza.com\/blog\/wp-json\/wp\/v2\/categories?post=931"},{"taxonomy":"post_tag","embeddable":true,"href":"https:\/\/www.opticapedraza.com\/blog\/wp-json\/wp\/v2\/tags?post=931"}],"curies":[{"name":"wp","href":"https:\/\/api.w.org\/{rel}","templated":true}]}}