{"id":859,"date":"2014-02-20T09:05:02","date_gmt":"2014-02-20T09:05:02","guid":{"rendered":"https:\/\/www.opticapedraza.com\/blog\/?p=859"},"modified":"2014-02-20T09:17:15","modified_gmt":"2014-02-20T09:17:15","slug":"lentes-de-contacto-para-ninos-mas-felices-y-mas-deportistas","status":"publish","type":"post","link":"https:\/\/www.opticapedraza.com\/blog\/lentes-de-contacto-para-ninos-mas-felices-y-mas-deportistas\/","title":{"rendered":"Lentes de contacto para ni\u00f1os m\u00e1s felices y m\u00e1s deportistas"},"content":{"rendered":"<div id=\"content-main\">\n<p><strong><span style=\"color: #000000;\">!!!El 75% de los menores de 16 a\u00f1os que usan gafas\u00a0no practica deporte por miedo a romperlas !!!!<\/span><\/strong><\/p>\n<p>!!Qu\u00e9 triste!!! Seg\u00fan un estudio publicado por la Universidad Europea de Madrid, \u00e9sto ocurre y hasta el 86% tiene que quitarse las gafas y hacer deporte sin nada. Los que usais gafas \u00bfhab\u00e9is probado a hacer deporte sin gafas ni lentillas? Pues no es muy motivador, la verdad.<\/p>\n<p><a href=\"https:\/\/www.opticapedraza.com\/blog\/wp-content\/uploads\/lentillas-ninos.jpg\"><img loading=\"lazy\" decoding=\"async\" class=\"size-medium wp-image-892 aligncenter\" alt=\"lentillas-ninos\" src=\"https:\/\/www.opticapedraza.com\/blog\/wp-content\/uploads\/lentillas-ninos-200x300.jpg\" width=\"200\" height=\"300\" srcset=\"https:\/\/www.opticapedraza.com\/blog\/wp-content\/uploads\/lentillas-ninos-200x300.jpg 200w, https:\/\/www.opticapedraza.com\/blog\/wp-content\/uploads\/lentillas-ninos.jpg 260w\" sizes=\"auto, (max-width: 200px) 100vw, 200px\" \/><\/a><\/p>\n<p>Si tus hijos llevan gafas, es probable que en alg\u00fan momento te acaben planteando la posibilidad de llevar lentes de contacto. Esto suele ocurrir cuando llegan a la<span style=\"color: #000000;\">\u00a0adolescencia<\/span> o mucho antes porque realizan deportes y con gafas es complicado.<\/p>\n<p>En alg\u00fan momento te preguntar\u00e1s: \u00ab\u00bfSon mis hijos lo suficientemente\u00a0mayores como para llevar lentes de contacto?\u00bb<\/p>\n<p>La edad para la adaptaci\u00f3n de LC en ni\u00f1os no es una consideraci\u00f3n importante. Lo que s\u00ed es muy importante es que sean ellos los que quieren usar las lentillas y no los padres.<\/p>\n<p><a href=\"https:\/\/www.opticapedraza.com\/blog\/wp-content\/uploads\/lentillas-ninos..jpg\"><img loading=\"lazy\" decoding=\"async\" class=\"wp-image-896 aligncenter\" alt=\"lentillas-ninos.\" src=\"https:\/\/www.opticapedraza.com\/blog\/wp-content\/uploads\/lentillas-ninos..jpg\" width=\"278\" height=\"181\" \/><\/a><\/p>\n<p>Las lentes de contacto se le ponen a ni\u00f1os desde reci\u00e9n nacidos, pero de lo que hablamos hoy es de ni\u00f1os a partir de los 7-8 a\u00f1os, con graduaciones importantes como para no poder prescindir de ellas.<\/p>\n<p>\u00a0Desde el punto de vista f\u00edsico los ojos pueden tolerar las lentes de contacto desde edades muy tempranas (hay beb\u00e9s a los que ya se les ponen para evitar el ojo vago). Los ni\u00f1os son los que m\u00e1s l\u00e1grima y m\u00e1s limpia tienen.<\/p>\n<p>Las lentillas son\u00a0una perfecta alternativa a las gafas, y muy aconsejable en ciertos casos de anisometropias (una diferencia de graduaci\u00f3n entre un ojo y otro), que podr\u00edan dar lugar a un ojo vago.<\/p>\n<p>Hoy en d\u00eda hay lentes de uso diario para ni\u00f1os, que les permiten no tener que limpiarlas y poder usarlas y tirarlas en el d\u00eda&#8230;.asique madres y padres, no ten\u00e9is perd\u00f3n por hacer que vuestros hijos hagan deporte sin gafas o que no lo hagan por no ponerle lentillas.<\/p>\n<\/div>\n<div style=\"padding-bottom:20px; padding-top:10px;\" class=\"hupso-share-buttons\"><!-- Hupso Share Buttons - https:\/\/www.hupso.com\/share\/ --><a class=\"hupso_toolbar\" href=\"https:\/\/www.hupso.com\/share\/\"><img decoding=\"async\" src=\"https:\/\/static.hupso.com\/share\/buttons\/lang\/es\/share-medium.png\" style=\"border:0px; padding-top: 5px; float:left;\" alt=\"Share Button\"\/><\/a><script type=\"text\/javascript\">var hupso_services_t=new Array(\"Twitter\",\"Facebook\",\"Google Plus\",\"Pinterest\",\"Email\",\"Print\");var hupso_background_t=\"#EAF4FF\";var hupso_border_t=\"#66CCFF\";var hupso_toolbar_size_t=\"medium\";var hupso_image_folder_url = \"\";var hupso_url_t=\"\";var hupso_title_t=\"Lentes%20de%20contacto%20para%20ni%C3%B1os%20m%C3%A1s%20felices%20y%20m%C3%A1s%20deportistas\";<\/script><script type=\"text\/javascript\" src=\"https:\/\/static.hupso.com\/share\/js\/share_toolbar.js\"><\/script><!-- Hupso Share Buttons --><\/div>","protected":false},"excerpt":{"rendered":"<p>!!!El 75% de los menores de 16 a\u00f1os que usan gafas\u00a0no practica deporte por miedo a romperlas !!!! !!Qu\u00e9 triste!!! Seg\u00fan un estudio publicado por la Universidad Europea de Madrid, \u00e9sto ocurre y hasta el 86% tiene que quitarse las&#8230;<\/p>\n<div style=\"padding-bottom:20px; padding-top:10px;\" class=\"hupso-share-buttons\"><!-- Hupso Share Buttons - https:\/\/www.hupso.com\/share\/ --><a class=\"hupso_toolbar\" href=\"https:\/\/www.hupso.com\/share\/\"><img src=\"https:\/\/static.hupso.com\/share\/buttons\/lang\/es\/share-medium.png\" style=\"border:0px; padding-top: 5px; float:left;\" alt=\"Share Button\"\/><\/a><script type=\"text\/javascript\">var hupso_services_t=new Array(\"Twitter\",\"Facebook\",\"Google Plus\",\"Pinterest\",\"Email\",\"Print\");var hupso_background_t=\"#EAF4FF\";var hupso_border_t=\"#66CCFF\";var hupso_toolbar_size_t=\"medium\";var hupso_image_folder_url = \"\";var hupso_url_t=\"\";var hupso_title_t=\"Lentes%20de%20contacto%20para%20ni%C3%B1os%20m%C3%A1s%20felices%20y%20m%C3%A1s%20deportistas\";<\/script><script type=\"text\/javascript\" src=\"https:\/\/static.hupso.com\/share\/js\/share_toolbar.js\"><\/script><!-- Hupso Share Buttons --><\/div>","protected":false},"author":1,"featured_media":899,"comment_status":"open","ping_status":"closed","sticky":false,"template":"","format":"standard","meta":{"footnotes":""},"categories":[1,4],"tags":[81,80],"class_list":["post-859","post","type-post","status-publish","format-standard","has-post-thumbnail","hentry","category-gafas-graduadas","category-lentillas-y-liquidos","tag-deporte","tag-lentillas-ninos"],"aioseo_notices":[],"_links":{"self":[{"href":"https:\/\/www.opticapedraza.com\/blog\/wp-json\/wp\/v2\/posts\/859","targetHints":{"allow":["GET"]}}],"collection":[{"href":"https:\/\/www.opticapedraza.com\/blog\/wp-json\/wp\/v2\/posts"}],"about":[{"href":"https:\/\/www.opticapedraza.com\/blog\/wp-json\/wp\/v2\/types\/post"}],"author":[{"embeddable":true,"href":"https:\/\/www.opticapedraza.com\/blog\/wp-json\/wp\/v2\/users\/1"}],"replies":[{"embeddable":true,"href":"https:\/\/www.opticapedraza.com\/blog\/wp-json\/wp\/v2\/comments?post=859"}],"version-history":[{"count":11,"href":"https:\/\/www.opticapedraza.com\/blog\/wp-json\/wp\/v2\/posts\/859\/revisions"}],"predecessor-version":[{"id":898,"href":"https:\/\/www.opticapedraza.com\/blog\/wp-json\/wp\/v2\/posts\/859\/revisions\/898"}],"wp:featuredmedia":[{"embeddable":true,"href":"https:\/\/www.opticapedraza.com\/blog\/wp-json\/wp\/v2\/media\/899"}],"wp:attachment":[{"href":"https:\/\/www.opticapedraza.com\/blog\/wp-json\/wp\/v2\/media?parent=859"}],"wp:term":[{"taxonomy":"category","embeddable":true,"href":"https:\/\/www.opticapedraza.com\/blog\/wp-json\/wp\/v2\/categories?post=859"},{"taxonomy":"post_tag","embeddable":true,"href":"https:\/\/www.opticapedraza.com\/blog\/wp-json\/wp\/v2\/tags?post=859"}],"curies":[{"name":"wp","href":"https:\/\/api.w.org\/{rel}","templated":true}]}}