{"id":787,"date":"2014-01-16T11:12:26","date_gmt":"2014-01-16T11:12:26","guid":{"rendered":"https:\/\/www.opticapedraza.com\/blog\/?p=787"},"modified":"2014-01-16T11:12:26","modified_gmt":"2014-01-16T11:12:26","slug":"lafont-pour-enfants-gafas-para-ninos-preciosas-y-de-excelente-calidad","status":"publish","type":"post","link":"https:\/\/www.opticapedraza.com\/blog\/lafont-pour-enfants-gafas-para-ninos-preciosas-y-de-excelente-calidad\/","title":{"rendered":"LaFont pour enfants. Gafas para ni\u00f1os preciosas y de excelente calidad"},"content":{"rendered":"<p>\u00a0Desde Par\u00eds, la colecci\u00f3n de ni\u00f1os de Lafont conquista a todo el mundo.<\/p>\n<p style=\"text-align: center;\"><a href=\"https:\/\/www.opticapedraza.com\/blog\/wp-content\/uploads\/image144.jpg\"><img loading=\"lazy\" decoding=\"async\" class=\"size-medium wp-image-802 aligncenter\" alt=\"Lafont ni\u00f1os kids\" src=\"https:\/\/www.opticapedraza.com\/blog\/wp-content\/uploads\/image144-146x300.jpg\" width=\"146\" height=\"300\" \/><\/a><\/p>\n<p>Os traemos los nuevos modelos de Lafont para ni\u00f1os, porque ellos tambi\u00e9n merecen gafas bien hechas, c\u00f3modas y resistentes,\u00a0 con dise\u00f1os divertidos pero elegantes.\u00a0\u00a0\u00a0\u00a0\u00a0\u00a0<\/p>\n<p>\u00a0\u00a0 Gafas para beb\u00e9s <a href=\"https:\/\/www.opticapedraza.com\/blog\/wp-content\/uploads\/lunettes-lafont-enfant-2.jpg\"><img loading=\"lazy\" decoding=\"async\" class=\"size-medium wp-image-792 aligncenter\" alt=\"lunettes-lafont-enfant-2\" src=\"https:\/\/www.opticapedraza.com\/blog\/wp-content\/uploads\/lunettes-lafont-enfant-2-300x144.jpg\" width=\"300\" height=\"144\" srcset=\"https:\/\/www.opticapedraza.com\/blog\/wp-content\/uploads\/lunettes-lafont-enfant-2-300x144.jpg 300w, https:\/\/www.opticapedraza.com\/blog\/wp-content\/uploads\/lunettes-lafont-enfant-2.jpg 500w\" sizes=\"auto, (max-width: 300px) 100vw, 300px\" \/><\/a><\/p>\n<p>\u00a0\u00a0<a href=\"https:\/\/www.opticapedraza.com\/blog\/wp-content\/uploads\/lunettes-lafont-enfant-3.jpg\"><img loading=\"lazy\" decoding=\"async\" class=\"size-medium wp-image-791 aligncenter\" alt=\"lunettes-lafont-enfant-3\" src=\"https:\/\/www.opticapedraza.com\/blog\/wp-content\/uploads\/lunettes-lafont-enfant-3-300x144.jpg\" width=\"300\" height=\"144\" srcset=\"https:\/\/www.opticapedraza.com\/blog\/wp-content\/uploads\/lunettes-lafont-enfant-3-300x144.jpg 300w, https:\/\/www.opticapedraza.com\/blog\/wp-content\/uploads\/lunettes-lafont-enfant-3.jpg 500w\" sizes=\"auto, (max-width: 300px) 100vw, 300px\" \/><\/a><\/p>\n<p style=\"text-align: center;\"><a href=\"https:\/\/www.opticapedraza.com\/blog\/wp-content\/uploads\/lunettes-lafont-enfant.jpg\"><img loading=\"lazy\" decoding=\"async\" class=\"size-medium wp-image-788 aligncenter\" alt=\"lunettes-lafont-enfant\" src=\"https:\/\/www.opticapedraza.com\/blog\/wp-content\/uploads\/lunettes-lafont-enfant-300x144.jpg\" width=\"300\" height=\"144\" srcset=\"https:\/\/www.opticapedraza.com\/blog\/wp-content\/uploads\/lunettes-lafont-enfant-300x144.jpg 300w, https:\/\/www.opticapedraza.com\/blog\/wp-content\/uploads\/lunettes-lafont-enfant.jpg 500w\" sizes=\"auto, (max-width: 300px) 100vw, 300px\" \/><\/a>\u00a0<\/p>\n<p>Y gafas para ni\u00f1os m\u00e1s mayores&#8230;<\/p>\n<p style=\"text-align: center;\"><a href=\"https:\/\/www.opticapedraza.com\/blog\/wp-content\/uploads\/lafont-ni\u00f1os.jpg\"><img loading=\"lazy\" decoding=\"async\" class=\"size-full wp-image-796 aligncenter\" alt=\"lafont-ni\u00f1os\" src=\"https:\/\/www.opticapedraza.com\/blog\/wp-content\/uploads\/lafont-ni\u00f1os.jpg\" width=\"300\" height=\"168\" \/><\/a><\/p>\n<p style=\"text-align: center;\"><a href=\"https:\/\/www.opticapedraza.com\/blog\/wp-content\/uploads\/lafont-ni\u00f1o...jpg\"><img loading=\"lazy\" decoding=\"async\" class=\"alignnone size-medium wp-image-816\" alt=\"lafont-ni\u00f1o..\" src=\"https:\/\/www.opticapedraza.com\/blog\/wp-content\/uploads\/lafont-ni\u00f1o..-300x163.jpg\" width=\"300\" height=\"163\" srcset=\"https:\/\/www.opticapedraza.com\/blog\/wp-content\/uploads\/lafont-ni\u00f1o..-300x163.jpg 300w, https:\/\/www.opticapedraza.com\/blog\/wp-content\/uploads\/lafont-ni\u00f1o...jpg 450w\" sizes=\"auto, (max-width: 300px) 100vw, 300px\" \/><\/a><\/p>\n<p style=\"text-align: center;\">Y para ni\u00f1as&#8230;.<\/p>\n<p style=\"text-align: center;\"><a href=\"https:\/\/www.opticapedraza.com\/blog\/wp-content\/uploads\/Lafont-ni\u00f1os...jpg\"><img loading=\"lazy\" decoding=\"async\" class=\"alignnone size-full wp-image-811\" alt=\"Lafont-ni\u00f1os..\" src=\"https:\/\/www.opticapedraza.com\/blog\/wp-content\/uploads\/Lafont-ni\u00f1os...jpg\" width=\"267\" height=\"189\" \/><\/a> <a href=\"https:\/\/www.opticapedraza.com\/blog\/wp-content\/uploads\/lafont-ni\u00f1os-1.jpg\"><img loading=\"lazy\" decoding=\"async\" class=\"alignnone size-medium wp-image-810\" alt=\"lafont-ni\u00f1os-1\" src=\"https:\/\/www.opticapedraza.com\/blog\/wp-content\/uploads\/lafont-ni\u00f1os-1-300x207.jpg\" width=\"300\" height=\"207\" srcset=\"https:\/\/www.opticapedraza.com\/blog\/wp-content\/uploads\/lafont-ni\u00f1os-1-300x207.jpg 300w, https:\/\/www.opticapedraza.com\/blog\/wp-content\/uploads\/lafont-ni\u00f1os-1.jpg 680w\" sizes=\"auto, (max-width: 300px) 100vw, 300px\" \/><\/a> <a href=\"https:\/\/www.opticapedraza.com\/blog\/wp-content\/uploads\/lafont-ni\u00f1os-3.jpg\"><img loading=\"lazy\" decoding=\"async\" class=\"alignnone size-medium wp-image-809\" alt=\"lafont-ni\u00f1os-3\" src=\"https:\/\/www.opticapedraza.com\/blog\/wp-content\/uploads\/lafont-ni\u00f1os-3-300x206.jpg\" width=\"300\" height=\"206\" srcset=\"https:\/\/www.opticapedraza.com\/blog\/wp-content\/uploads\/lafont-ni\u00f1os-3-300x206.jpg 300w, https:\/\/www.opticapedraza.com\/blog\/wp-content\/uploads\/lafont-ni\u00f1os-3.jpg 680w\" sizes=\"auto, (max-width: 300px) 100vw, 300px\" \/><\/a><\/p>\n<p style=\"text-align: center;\">Con un terminal especial en la varilla para poder cortarlo y que quede perfecto<\/p>\n<p style=\"text-align: center;\"><a href=\"https:\/\/www.opticapedraza.com\/blog\/wp-content\/uploads\/lafont-ni\u00f1os-varilla.jpg\"><img loading=\"lazy\" decoding=\"async\" class=\"alignnone size-medium wp-image-813\" alt=\"lafont-ni\u00f1os-varilla\" src=\"https:\/\/www.opticapedraza.com\/blog\/wp-content\/uploads\/lafont-ni\u00f1os-varilla-300x206.jpg\" width=\"300\" height=\"206\" srcset=\"https:\/\/www.opticapedraza.com\/blog\/wp-content\/uploads\/lafont-ni\u00f1os-varilla-300x206.jpg 300w, https:\/\/www.opticapedraza.com\/blog\/wp-content\/uploads\/lafont-ni\u00f1os-varilla.jpg 680w\" sizes=\"auto, (max-width: 300px) 100vw, 300px\" \/><\/a><\/p>\n<p style=\"text-align: center;\">Ya disponibles!<\/p>\n<p style=\"text-align: center;\"><a href=\"https:\/\/www.opticapedraza.com\/blog\/wp-content\/uploads\/image143.jpg\"><img loading=\"lazy\" decoding=\"async\" class=\"alignnone size-medium wp-image-801\" alt=\"Lafont kids enfants \" src=\"https:\/\/www.opticapedraza.com\/blog\/wp-content\/uploads\/image143-300x224.jpg\" width=\"300\" height=\"224\" srcset=\"https:\/\/www.opticapedraza.com\/blog\/wp-content\/uploads\/image143-300x224.jpg 300w, https:\/\/www.opticapedraza.com\/blog\/wp-content\/uploads\/image143-1024x764.jpg 1024w\" sizes=\"auto, (max-width: 300px) 100vw, 300px\" \/><\/a><\/p>\n<p style=\"text-align: center;\">Si est\u00e1s interesado en alg\u00fan modelo, no dudes en ponerte en contacto con nosotros<\/p>\n<div style=\"padding-bottom:20px; padding-top:10px;\" class=\"hupso-share-buttons\"><!-- Hupso Share Buttons - https:\/\/www.hupso.com\/share\/ --><a class=\"hupso_toolbar\" href=\"https:\/\/www.hupso.com\/share\/\"><img decoding=\"async\" src=\"https:\/\/static.hupso.com\/share\/buttons\/lang\/es\/share-medium.png\" style=\"border:0px; padding-top: 5px; float:left;\" alt=\"Share Button\"\/><\/a><script type=\"text\/javascript\">var hupso_services_t=new Array(\"Twitter\",\"Facebook\",\"Google Plus\",\"Pinterest\",\"Email\",\"Print\");var hupso_background_t=\"#EAF4FF\";var hupso_border_t=\"#66CCFF\";var hupso_toolbar_size_t=\"medium\";var hupso_image_folder_url = \"\";var hupso_url_t=\"\";var hupso_title_t=\"LaFont%20pour%20enfants.%20Gafas%20para%20ni%C3%B1os%20preciosas%20y%20de%20excelente%20calidad\";<\/script><script type=\"text\/javascript\" src=\"https:\/\/static.hupso.com\/share\/js\/share_toolbar.js\"><\/script><!-- Hupso Share Buttons --><\/div>","protected":false},"excerpt":{"rendered":"<p>\u00a0Desde Par\u00eds, la colecci\u00f3n de ni\u00f1os de Lafont conquista a todo el mundo. Os traemos los nuevos modelos de Lafont para ni\u00f1os, porque ellos tambi\u00e9n merecen gafas bien hechas, c\u00f3modas y resistentes,\u00a0 con dise\u00f1os divertidos pero elegantes.\u00a0\u00a0\u00a0\u00a0\u00a0\u00a0 \u00a0\u00a0 Gafas para&#8230;<\/p>\n<div style=\"padding-bottom:20px; padding-top:10px;\" class=\"hupso-share-buttons\"><!-- Hupso Share Buttons - https:\/\/www.hupso.com\/share\/ --><a class=\"hupso_toolbar\" href=\"https:\/\/www.hupso.com\/share\/\"><img src=\"https:\/\/static.hupso.com\/share\/buttons\/lang\/es\/share-medium.png\" style=\"border:0px; padding-top: 5px; float:left;\" alt=\"Share Button\"\/><\/a><script type=\"text\/javascript\">var hupso_services_t=new Array(\"Twitter\",\"Facebook\",\"Google Plus\",\"Pinterest\",\"Email\",\"Print\");var hupso_background_t=\"#EAF4FF\";var hupso_border_t=\"#66CCFF\";var hupso_toolbar_size_t=\"medium\";var hupso_image_folder_url = \"\";var hupso_url_t=\"\";var hupso_title_t=\"LaFont%20pour%20enfants.%20Gafas%20para%20ni%C3%B1os%20preciosas%20y%20de%20excelente%20calidad\";<\/script><script type=\"text\/javascript\" src=\"https:\/\/static.hupso.com\/share\/js\/share_toolbar.js\"><\/script><!-- Hupso Share Buttons --><\/div>","protected":false},"author":1,"featured_media":810,"comment_status":"open","ping_status":"closed","sticky":false,"template":"","format":"standard","meta":{"footnotes":""},"categories":[1,73],"tags":[75,20,74],"class_list":["post-787","post","type-post","status-publish","format-standard","has-post-thumbnail","hentry","category-gafas-graduadas","category-ninos","tag-gafas-comodas","tag-gafas-diseno","tag-gafas-ninos"],"aioseo_notices":[],"_links":{"self":[{"href":"https:\/\/www.opticapedraza.com\/blog\/wp-json\/wp\/v2\/posts\/787","targetHints":{"allow":["GET"]}}],"collection":[{"href":"https:\/\/www.opticapedraza.com\/blog\/wp-json\/wp\/v2\/posts"}],"about":[{"href":"https:\/\/www.opticapedraza.com\/blog\/wp-json\/wp\/v2\/types\/post"}],"author":[{"embeddable":true,"href":"https:\/\/www.opticapedraza.com\/blog\/wp-json\/wp\/v2\/users\/1"}],"replies":[{"embeddable":true,"href":"https:\/\/www.opticapedraza.com\/blog\/wp-json\/wp\/v2\/comments?post=787"}],"version-history":[{"count":19,"href":"https:\/\/www.opticapedraza.com\/blog\/wp-json\/wp\/v2\/posts\/787\/revisions"}],"predecessor-version":[{"id":820,"href":"https:\/\/www.opticapedraza.com\/blog\/wp-json\/wp\/v2\/posts\/787\/revisions\/820"}],"wp:featuredmedia":[{"embeddable":true,"href":"https:\/\/www.opticapedraza.com\/blog\/wp-json\/wp\/v2\/media\/810"}],"wp:attachment":[{"href":"https:\/\/www.opticapedraza.com\/blog\/wp-json\/wp\/v2\/media?parent=787"}],"wp:term":[{"taxonomy":"category","embeddable":true,"href":"https:\/\/www.opticapedraza.com\/blog\/wp-json\/wp\/v2\/categories?post=787"},{"taxonomy":"post_tag","embeddable":true,"href":"https:\/\/www.opticapedraza.com\/blog\/wp-json\/wp\/v2\/tags?post=787"}],"curies":[{"name":"wp","href":"https:\/\/api.w.org\/{rel}","templated":true}]}}