{"id":378,"date":"2013-10-12T13:54:40","date_gmt":"2013-10-12T13:54:40","guid":{"rendered":"https:\/\/www.opticapedraza.com\/blog\/?p=378"},"modified":"2013-10-28T15:26:52","modified_gmt":"2013-10-28T15:26:52","slug":"mykita-sarah-jessica-parker-prensa-mundial-septiembre-2013","status":"publish","type":"post","link":"https:\/\/www.opticapedraza.com\/blog\/mykita-sarah-jessica-parker-prensa-mundial-septiembre-2013\/","title":{"rendered":"MYKITA +Sarah Jessica Parker + Prensa mundial Septiembre 2013"},"content":{"rendered":"<p>Ha llegado el momento de que Mykita y nosotros os presentemos un breve repaso de las apariciones editoriales en las mejores revistas de moda a nivel internacional.<\/p>\n<p>Adem\u00e1s aqu\u00ed ten\u00e9is las im\u00e1genes de Sarah Jessica Parker con sus MYKITA en un homenaje que le hicieron hace poco en Nueva York.<\/p>\n<p style=\"text-align: center;\"><a href=\"https:\/\/www.opticapedraza.com\/blog\/wp-content\/uploads\/image62.jpg\"><img loading=\"lazy\" decoding=\"async\" class=\"alignnone size-medium wp-image-379\" alt=\"Sarah Jessica Parker Mykita\" src=\"https:\/\/www.opticapedraza.com\/blog\/wp-content\/uploads\/image62-200x300.jpg\" width=\"200\" height=\"300\" srcset=\"https:\/\/www.opticapedraza.com\/blog\/wp-content\/uploads\/image62-200x300.jpg 200w, https:\/\/www.opticapedraza.com\/blog\/wp-content\/uploads\/image62.jpg 400w\" sizes=\"auto, (max-width: 200px) 100vw, 200px\" \/><\/a><img loading=\"lazy\" decoding=\"async\" class=\"alignnone size-medium wp-image-380\" alt=\"Sarah Jessica Parker Mykita\" src=\"https:\/\/www.opticapedraza.com\/blog\/wp-content\/uploads\/image63-206x300.jpg\" width=\"206\" height=\"300\" srcset=\"https:\/\/www.opticapedraza.com\/blog\/wp-content\/uploads\/image63-206x300.jpg 206w, https:\/\/www.opticapedraza.com\/blog\/wp-content\/uploads\/image63.jpg 424w\" sizes=\"auto, (max-width: 206px) 100vw, 206px\" \/><\/p>\n<p style=\"text-align: center;\">Las hay en varios colores. \u00bfD\u00f3nde encontrarlas? En \u00d3ptica Manuel Pedraza en Salamanca, claro.<\/p>\n<p style=\"text-align: center;\"><a href=\"https:\/\/www.opticapedraza.com\/blog\/wp-content\/uploads\/image64.jpg\"><img loading=\"lazy\" decoding=\"async\" class=\"alignnone size-medium wp-image-383\" alt=\"Mykita Sarah Jessica Parker\" src=\"https:\/\/www.opticapedraza.com\/blog\/wp-content\/uploads\/image64-300x200.jpg\" width=\"300\" height=\"200\" srcset=\"https:\/\/www.opticapedraza.com\/blog\/wp-content\/uploads\/image64-300x200.jpg 300w, https:\/\/www.opticapedraza.com\/blog\/wp-content\/uploads\/image64.jpg 1024w\" sizes=\"auto, (max-width: 300px) 100vw, 300px\" \/><\/a><\/p>\n<p style=\"text-align: center;\">Aqu\u00ed\u00a0os dejo algunas im\u00e1genes de publicaciones en prensa<\/p>\n<p><a href=\"https:\/\/www.opticapedraza.com\/blog\/wp-content\/uploads\/image76.jpg\"><img loading=\"lazy\" decoding=\"async\" class=\"alignnone size-medium wp-image-398\" alt=\"Mykita press\" src=\"https:\/\/www.opticapedraza.com\/blog\/wp-content\/uploads\/image76-300x211.jpg\" width=\"300\" height=\"211\" srcset=\"https:\/\/www.opticapedraza.com\/blog\/wp-content\/uploads\/image76-300x211.jpg 300w, https:\/\/www.opticapedraza.com\/blog\/wp-content\/uploads\/image76-1024x722.jpg 1024w, https:\/\/www.opticapedraza.com\/blog\/wp-content\/uploads\/image76.jpg 1498w\" sizes=\"auto, (max-width: 300px) 100vw, 300px\" \/><\/a><a href=\"https:\/\/www.opticapedraza.com\/blog\/wp-content\/uploads\/image75.jpg\"><img loading=\"lazy\" decoding=\"async\" class=\"alignnone size-medium wp-image-397\" alt=\"image\" src=\"https:\/\/www.opticapedraza.com\/blog\/wp-content\/uploads\/image75-300x212.jpg\" width=\"300\" height=\"212\" srcset=\"https:\/\/www.opticapedraza.com\/blog\/wp-content\/uploads\/image75-300x212.jpg 300w, https:\/\/www.opticapedraza.com\/blog\/wp-content\/uploads\/image75-1024x726.jpg 1024w, https:\/\/www.opticapedraza.com\/blog\/wp-content\/uploads\/image75.jpg 1497w\" sizes=\"auto, (max-width: 300px) 100vw, 300px\" \/><\/a><\/p>\n<p>&nbsp;<\/p>\n<p><a href=\"https:\/\/www.opticapedraza.com\/blog\/wp-content\/uploads\/image72.jpg\"><img loading=\"lazy\" decoding=\"async\" class=\"alignnone size-medium wp-image-394\" alt=\"Mykita press\" src=\"https:\/\/www.opticapedraza.com\/blog\/wp-content\/uploads\/image72-300x210.jpg\" width=\"300\" height=\"210\" srcset=\"https:\/\/www.opticapedraza.com\/blog\/wp-content\/uploads\/image72-300x210.jpg 300w, https:\/\/www.opticapedraza.com\/blog\/wp-content\/uploads\/image72-1024x720.jpg 1024w, https:\/\/www.opticapedraza.com\/blog\/wp-content\/uploads\/image72.jpg 1506w\" sizes=\"auto, (max-width: 300px) 100vw, 300px\" \/><\/a><a href=\"https:\/\/www.opticapedraza.com\/blog\/wp-content\/uploads\/image69.jpg\"><img loading=\"lazy\" decoding=\"async\" class=\"alignnone size-medium wp-image-391\" alt=\"Mykita\" src=\"https:\/\/www.opticapedraza.com\/blog\/wp-content\/uploads\/image69-300x210.jpg\" width=\"300\" height=\"210\" srcset=\"https:\/\/www.opticapedraza.com\/blog\/wp-content\/uploads\/image69-300x210.jpg 300w, https:\/\/www.opticapedraza.com\/blog\/wp-content\/uploads\/image69-1024x718.jpg 1024w, https:\/\/www.opticapedraza.com\/blog\/wp-content\/uploads\/image69.jpg 1498w\" sizes=\"auto, (max-width: 300px) 100vw, 300px\" \/><\/a><a href=\"https:\/\/www.opticapedraza.com\/blog\/wp-content\/uploads\/image70.jpg\"><img loading=\"lazy\" decoding=\"async\" class=\"alignnone size-medium wp-image-392\" alt=\"Mykita\" src=\"https:\/\/www.opticapedraza.com\/blog\/wp-content\/uploads\/image70-300x211.jpg\" width=\"300\" height=\"211\" srcset=\"https:\/\/www.opticapedraza.com\/blog\/wp-content\/uploads\/image70-300x211.jpg 300w, https:\/\/www.opticapedraza.com\/blog\/wp-content\/uploads\/image70-1024x723.jpg 1024w, https:\/\/www.opticapedraza.com\/blog\/wp-content\/uploads\/image70.jpg 1489w\" sizes=\"auto, (max-width: 300px) 100vw, 300px\" \/><\/a><a href=\"https:\/\/www.opticapedraza.com\/blog\/wp-content\/uploads\/image73.jpg\"><img loading=\"lazy\" decoding=\"async\" class=\"alignnone size-medium wp-image-395\" alt=\"Mykita\" src=\"https:\/\/www.opticapedraza.com\/blog\/wp-content\/uploads\/image73-300x210.jpg\" width=\"300\" height=\"210\" srcset=\"https:\/\/www.opticapedraza.com\/blog\/wp-content\/uploads\/image73-300x210.jpg 300w, https:\/\/www.opticapedraza.com\/blog\/wp-content\/uploads\/image73-1024x718.jpg 1024w, https:\/\/www.opticapedraza.com\/blog\/wp-content\/uploads\/image73.jpg 1496w\" sizes=\"auto, (max-width: 300px) 100vw, 300px\" \/><\/a><\/p>\n<div style=\"padding-bottom:20px; padding-top:10px;\" class=\"hupso-share-buttons\"><!-- Hupso Share Buttons - https:\/\/www.hupso.com\/share\/ --><a class=\"hupso_toolbar\" href=\"https:\/\/www.hupso.com\/share\/\"><img decoding=\"async\" src=\"https:\/\/static.hupso.com\/share\/buttons\/lang\/es\/share-medium.png\" style=\"border:0px; padding-top: 5px; float:left;\" alt=\"Share Button\"\/><\/a><script type=\"text\/javascript\">var hupso_services_t=new Array(\"Twitter\",\"Facebook\",\"Google Plus\",\"Pinterest\",\"Email\",\"Print\");var hupso_background_t=\"#EAF4FF\";var hupso_border_t=\"#66CCFF\";var hupso_toolbar_size_t=\"medium\";var hupso_image_folder_url = \"\";var hupso_url_t=\"\";var hupso_title_t=\"MYKITA%20%2BSarah%20Jessica%20Parker%20%2B%20Prensa%20mundial%20Septiembre%202013\";<\/script><script type=\"text\/javascript\" src=\"https:\/\/static.hupso.com\/share\/js\/share_toolbar.js\"><\/script><!-- Hupso Share Buttons --><\/div>","protected":false},"excerpt":{"rendered":"<p>Ha llegado el momento de que Mykita y nosotros os presentemos un breve repaso de las apariciones editoriales en las mejores revistas de moda a nivel internacional. Adem\u00e1s aqu\u00ed ten\u00e9is las im\u00e1genes de Sarah Jessica Parker con sus MYKITA en&#8230;<\/p>\n<div style=\"padding-bottom:20px; padding-top:10px;\" class=\"hupso-share-buttons\"><!-- Hupso Share Buttons - https:\/\/www.hupso.com\/share\/ --><a class=\"hupso_toolbar\" href=\"https:\/\/www.hupso.com\/share\/\"><img src=\"https:\/\/static.hupso.com\/share\/buttons\/lang\/es\/share-medium.png\" style=\"border:0px; padding-top: 5px; float:left;\" alt=\"Share Button\"\/><\/a><script type=\"text\/javascript\">var hupso_services_t=new Array(\"Twitter\",\"Facebook\",\"Google Plus\",\"Pinterest\",\"Email\",\"Print\");var hupso_background_t=\"#EAF4FF\";var hupso_border_t=\"#66CCFF\";var hupso_toolbar_size_t=\"medium\";var hupso_image_folder_url = \"\";var hupso_url_t=\"\";var hupso_title_t=\"MYKITA%20%2BSarah%20Jessica%20Parker%20%2B%20Prensa%20mundial%20Septiembre%202013\";<\/script><script type=\"text\/javascript\" src=\"https:\/\/static.hupso.com\/share\/js\/share_toolbar.js\"><\/script><!-- Hupso Share Buttons --><\/div>","protected":false},"author":1,"featured_media":383,"comment_status":"open","ping_status":"closed","sticky":false,"template":"","format":"standard","meta":{"footnotes":""},"categories":[2,1,6],"tags":[29,17,41,20,55,21],"class_list":["post-378","post","type-post","status-publish","format-standard","has-post-thumbnail","hentry","category-gafas-de-sol","category-gafas-graduadas","category-moda","tag-celebrities","tag-gafas","tag-gafas-buenas","tag-gafas-diseno","tag-modernas","tag-monturas"],"aioseo_notices":[],"_links":{"self":[{"href":"https:\/\/www.opticapedraza.com\/blog\/wp-json\/wp\/v2\/posts\/378","targetHints":{"allow":["GET"]}}],"collection":[{"href":"https:\/\/www.opticapedraza.com\/blog\/wp-json\/wp\/v2\/posts"}],"about":[{"href":"https:\/\/www.opticapedraza.com\/blog\/wp-json\/wp\/v2\/types\/post"}],"author":[{"embeddable":true,"href":"https:\/\/www.opticapedraza.com\/blog\/wp-json\/wp\/v2\/users\/1"}],"replies":[{"embeddable":true,"href":"https:\/\/www.opticapedraza.com\/blog\/wp-json\/wp\/v2\/comments?post=378"}],"version-history":[{"count":19,"href":"https:\/\/www.opticapedraza.com\/blog\/wp-json\/wp\/v2\/posts\/378\/revisions"}],"predecessor-version":[{"id":416,"href":"https:\/\/www.opticapedraza.com\/blog\/wp-json\/wp\/v2\/posts\/378\/revisions\/416"}],"wp:featuredmedia":[{"embeddable":true,"href":"https:\/\/www.opticapedraza.com\/blog\/wp-json\/wp\/v2\/media\/383"}],"wp:attachment":[{"href":"https:\/\/www.opticapedraza.com\/blog\/wp-json\/wp\/v2\/media?parent=378"}],"wp:term":[{"taxonomy":"category","embeddable":true,"href":"https:\/\/www.opticapedraza.com\/blog\/wp-json\/wp\/v2\/categories?post=378"},{"taxonomy":"post_tag","embeddable":true,"href":"https:\/\/www.opticapedraza.com\/blog\/wp-json\/wp\/v2\/tags?post=378"}],"curies":[{"name":"wp","href":"https:\/\/api.w.org\/{rel}","templated":true}]}}