{"id":22,"date":"2013-06-03T18:37:27","date_gmt":"2013-06-03T18:37:27","guid":{"rendered":"https:\/\/www.opticapedraza.com\/blog\/?p=22"},"modified":"2013-06-10T20:50:03","modified_gmt":"2013-06-10T20:50:03","slug":"quien-diria-en-1936-el-exito-de-la-rayban-aviator","status":"publish","type":"post","link":"https:\/\/www.opticapedraza.com\/blog\/quien-diria-en-1936-el-exito-de-la-rayban-aviator\/","title":{"rendered":"\u00bfQui\u00e9n dir\u00eda en 1936 el \u00e9xito de la Rayban Aviator?"},"content":{"rendered":"<h2 class=\"fbPhotoCaption\"><span class=\"fbPhotoCaptionText\"><span style=\"color: #ff0000;\">E<\/span>ncargada por las fuerzas a\u00e9reas de EEUU en 1936, ahora arrasa con el oro en mate y los espejos de color. En <a href=\"https:\/\/www.opticapedraza.com\/\" target=\"_blank\" rel=\"nofollow nofollow\">www.opticapedraza.com<\/a> por 135\u20ac<\/span><\/h2>\n<p><a href=\"https:\/\/www.opticapedraza.com\/blog\/wp-content\/uploads\/images.jpg\"><br \/>\n<\/a><\/p>\n<p><a href=\"https:\/\/www.opticapedraza.com\/blog\/wp-content\/uploads\/images.jpg\"><img loading=\"lazy\" decoding=\"async\" class=\"alignnone size-full wp-image-23\" alt=\"Espejos de colores\" src=\"https:\/\/www.opticapedraza.com\/blog\/wp-content\/uploads\/images.jpg\" width=\"225\" height=\"224\" srcset=\"https:\/\/www.opticapedraza.com\/blog\/wp-content\/uploads\/images.jpg 225w, https:\/\/www.opticapedraza.com\/blog\/wp-content\/uploads\/images-150x150.jpg 150w\" sizes=\"auto, (max-width: 225px) 100vw, 225px\" \/><\/a> <a href=\"https:\/\/www.opticapedraza.com\/blog\/wp-content\/uploads\/19921_371662426264003_1996511188_n.jpg\"><img loading=\"lazy\" decoding=\"async\" class=\"alignnone size-medium wp-image-24\" alt=\"19921_371662426264003_1996511188_n\" src=\"https:\/\/www.opticapedraza.com\/blog\/wp-content\/uploads\/19921_371662426264003_1996511188_n-300x276.jpg\" width=\"300\" height=\"276\" srcset=\"https:\/\/www.opticapedraza.com\/blog\/wp-content\/uploads\/19921_371662426264003_1996511188_n-300x276.jpg 300w, https:\/\/www.opticapedraza.com\/blog\/wp-content\/uploads\/19921_371662426264003_1996511188_n.jpg 480w\" sizes=\"auto, (max-width: 300px) 100vw, 300px\" \/><\/a> <a href=\"https:\/\/www.opticapedraza.com\/blog\/wp-content\/uploads\/mirror.jpg\"><img loading=\"lazy\" decoding=\"async\" class=\"alignnone size-medium wp-image-25\" alt=\"mirror\" src=\"https:\/\/www.opticapedraza.com\/blog\/wp-content\/uploads\/mirror-165x300.jpg\" width=\"165\" height=\"300\" srcset=\"https:\/\/www.opticapedraza.com\/blog\/wp-content\/uploads\/mirror-165x300.jpg 165w, https:\/\/www.opticapedraza.com\/blog\/wp-content\/uploads\/mirror-565x1024.jpg 565w, https:\/\/www.opticapedraza.com\/blog\/wp-content\/uploads\/mirror.jpg 660w\" sizes=\"auto, (max-width: 165px) 100vw, 165px\" \/><\/a><a href=\"https:\/\/www.opticapedraza.com\/blog\/wp-content\/uploads\/img1441m.jpg\"><img loading=\"lazy\" decoding=\"async\" class=\"size-medium wp-image-27 alignright\" alt=\"img1441m\" src=\"https:\/\/www.opticapedraza.com\/blog\/wp-content\/uploads\/img1441m-300x199.jpg\" width=\"300\" height=\"199\" srcset=\"https:\/\/www.opticapedraza.com\/blog\/wp-content\/uploads\/img1441m-300x199.jpg 300w, https:\/\/www.opticapedraza.com\/blog\/wp-content\/uploads\/img1441m-1024x682.jpg 1024w, https:\/\/www.opticapedraza.com\/blog\/wp-content\/uploads\/img1441m.jpg 1280w\" sizes=\"auto, (max-width: 300px) 100vw, 300px\" \/><\/a><\/p>\n<div style=\"padding-bottom:20px; padding-top:10px;\" class=\"hupso-share-buttons\"><!-- Hupso Share Buttons - https:\/\/www.hupso.com\/share\/ --><a class=\"hupso_toolbar\" href=\"https:\/\/www.hupso.com\/share\/\"><img decoding=\"async\" src=\"https:\/\/static.hupso.com\/share\/buttons\/lang\/es\/share-medium.png\" style=\"border:0px; padding-top: 5px; float:left;\" alt=\"Share Button\"\/><\/a><script type=\"text\/javascript\">var hupso_services_t=new Array(\"Twitter\",\"Facebook\",\"Google Plus\",\"Pinterest\",\"Email\",\"Print\");var hupso_background_t=\"#EAF4FF\";var hupso_border_t=\"#66CCFF\";var hupso_toolbar_size_t=\"medium\";var hupso_image_folder_url = \"\";var hupso_url_t=\"\";var hupso_title_t=\"%C2%BFQui%C3%A9n%20dir%C3%ADa%20en%201936%20el%20%C3%A9xito%20de%20la%20Rayban%20Aviator%3F\";<\/script><script type=\"text\/javascript\" src=\"https:\/\/static.hupso.com\/share\/js\/share_toolbar.js\"><\/script><!-- Hupso Share Buttons --><\/div>","protected":false},"excerpt":{"rendered":"<p>Encargada por las fuerzas a\u00e9reas de EEUU en 1936, ahora arrasa con el oro en mate y los espejos de color. En www.opticapedraza.com por 135\u20ac<\/p>\n<div style=\"padding-bottom:20px; padding-top:10px;\" class=\"hupso-share-buttons\"><!-- Hupso Share Buttons - https:\/\/www.hupso.com\/share\/ --><a class=\"hupso_toolbar\" href=\"https:\/\/www.hupso.com\/share\/\"><img src=\"https:\/\/static.hupso.com\/share\/buttons\/lang\/es\/share-medium.png\" style=\"border:0px; padding-top: 5px; float:left;\" alt=\"Share Button\"\/><\/a><script type=\"text\/javascript\">var hupso_services_t=new Array(\"Twitter\",\"Facebook\",\"Google Plus\",\"Pinterest\",\"Email\",\"Print\");var hupso_background_t=\"#EAF4FF\";var hupso_border_t=\"#66CCFF\";var hupso_toolbar_size_t=\"medium\";var hupso_image_folder_url = \"\";var hupso_url_t=\"\";var hupso_title_t=\"%C2%BFQui%C3%A9n%20dir%C3%ADa%20en%201936%20el%20%C3%A9xito%20de%20la%20Rayban%20Aviator%3F\";<\/script><script type=\"text\/javascript\" src=\"https:\/\/static.hupso.com\/share\/js\/share_toolbar.js\"><\/script><!-- Hupso Share Buttons --><\/div>","protected":false},"author":1,"featured_media":24,"comment_status":"open","ping_status":"closed","sticky":false,"template":"","format":"standard","meta":{"footnotes":""},"categories":[2,6],"tags":[14,15,11,10,13],"class_list":["post-22","post","type-post","status-publish","format-standard","has-post-thumbnail","hentry","category-gafas-de-sol","category-moda","tag-aviador","tag-aviator","tag-cristales-espejo","tag-gafas-de-sol-2","tag-rayba"],"aioseo_notices":[],"_links":{"self":[{"href":"https:\/\/www.opticapedraza.com\/blog\/wp-json\/wp\/v2\/posts\/22","targetHints":{"allow":["GET"]}}],"collection":[{"href":"https:\/\/www.opticapedraza.com\/blog\/wp-json\/wp\/v2\/posts"}],"about":[{"href":"https:\/\/www.opticapedraza.com\/blog\/wp-json\/wp\/v2\/types\/post"}],"author":[{"embeddable":true,"href":"https:\/\/www.opticapedraza.com\/blog\/wp-json\/wp\/v2\/users\/1"}],"replies":[{"embeddable":true,"href":"https:\/\/www.opticapedraza.com\/blog\/wp-json\/wp\/v2\/comments?post=22"}],"version-history":[{"count":13,"href":"https:\/\/www.opticapedraza.com\/blog\/wp-json\/wp\/v2\/posts\/22\/revisions"}],"predecessor-version":[{"id":89,"href":"https:\/\/www.opticapedraza.com\/blog\/wp-json\/wp\/v2\/posts\/22\/revisions\/89"}],"wp:featuredmedia":[{"embeddable":true,"href":"https:\/\/www.opticapedraza.com\/blog\/wp-json\/wp\/v2\/media\/24"}],"wp:attachment":[{"href":"https:\/\/www.opticapedraza.com\/blog\/wp-json\/wp\/v2\/media?parent=22"}],"wp:term":[{"taxonomy":"category","embeddable":true,"href":"https:\/\/www.opticapedraza.com\/blog\/wp-json\/wp\/v2\/categories?post=22"},{"taxonomy":"post_tag","embeddable":true,"href":"https:\/\/www.opticapedraza.com\/blog\/wp-json\/wp\/v2\/tags?post=22"}],"curies":[{"name":"wp","href":"https:\/\/api.w.org\/{rel}","templated":true}]}}