{"id":1724,"date":"2016-11-04T13:00:18","date_gmt":"2016-11-04T13:00:18","guid":{"rendered":"https:\/\/www.opticapedraza.com\/blog\/?p=1724"},"modified":"2016-11-03T22:13:47","modified_gmt":"2016-11-03T22:13:47","slug":"los-efectos-de-no-corregir-la-miopia-en-ninos-by-anavicenteymas","status":"publish","type":"post","link":"https:\/\/www.opticapedraza.com\/blog\/los-efectos-de-no-corregir-la-miopia-en-ninos-by-anavicenteymas\/","title":{"rendered":"Los efectos de no corregir la miop\u00eda en ni\u00f1os by AnaVicenteym\u00e1s"},"content":{"rendered":"<p>Hasta no hace mucho tiempo, la creencia popular e incluso la de muchos profesionales de la \u00f3ptica y la oftalmolog\u00eda recomendaba no corregir peque\u00f1as miop\u00edas o no corregir la miop\u00eda en su totalidad buscando con ello evitar su progresi\u00f3n.<\/p>\n<p>La miop\u00eda es un defecto refractivo que provoca una visi\u00f3n borrosa de los objetos lejanos. En un ojo miope, la imagen de los objetos no se proyecta en la retina sino \u201cantes\u201d de la retina, haciendo que la imagen final que llega a los fotorreceptores retinianos sea una imagen borrosa. La causa de este defecto tiene que ver con el equilibrio entre la curvatura corneal, la potencia del cristalino y la longitud axial del ojo.<\/p>\n<p><a href=\"https:\/\/www.opticapedraza.com\/blog\/wp-content\/uploads\/image246.jpg\"><br \/>\n<img loading=\"lazy\" decoding=\"async\" class=\" size-medium wp-image-1728 aligncenter\" src=\"https:\/\/www.opticapedraza.com\/blog\/wp-content\/uploads\/image246-288x300.jpg\" alt=\"Miop\u00eda en ni\u00f1os\" width=\"288\" height=\"300\" \/><\/a><\/p>\n<p>&nbsp;<\/p>\n<div id=\"attachment_1725\" style=\"width: 310px\" class=\"wp-caption aligncenter\"><img loading=\"lazy\" decoding=\"async\" aria-describedby=\"caption-attachment-1725\" class=\"wp-image-1725 size-medium\" src=\"https:\/\/www.opticapedraza.com\/blog\/wp-content\/uploads\/image245-300x173.jpg\" alt=\"Control miop\u00eda ni\u00f1os\" width=\"300\" height=\"173\" srcset=\"https:\/\/www.opticapedraza.com\/blog\/wp-content\/uploads\/image245-300x173.jpg 300w, https:\/\/www.opticapedraza.com\/blog\/wp-content\/uploads\/image245.jpg 640w\" sizes=\"auto, (max-width: 300px) 100vw, 300px\" \/><p id=\"caption-attachment-1725\" class=\"wp-caption-text\">La visi\u00f3n de un miope bajo (1D, 2D o 3D) se puede asimilar a la siguiente imagen<\/p><\/div>\n<p>Hasta no hace mucho tiempo, la creencia popular e incluso la de muchos profesionales de la \u00f3ptica y la oftalmolog\u00eda recomendaba no corregir peque\u00f1as miop\u00edas o no corregir la miop\u00eda en su totalidad buscando con ello evitar su progresi\u00f3n.<br \/>\nLa incidencia de la miop\u00eda adem\u00e1s est\u00e1 aumentando de forma alarmante en los \u00faltimos a\u00f1os, se cree que asociada a los nuevos h\u00e1bitos de vida, pero por no extenderme os dejo un enlace a un post sobre la incidencia y m\u00e9todos de correcci\u00f3n de la miop\u00eda en ni\u00f1os\u00a0<a href=\"http:\/\/www.anavicenteymas.com\/2012\/11\/el-control-de-la-miopia-en-la-infancia\">(Aqu\u00ed)<\/a><\/p>\n<p>Por ello, la siguiente pregunta cada vez toma m\u00e1s importancia:<\/p>\n<p>\u00bfqu\u00e9 sentido tiene hipocorregir a un ni\u00f1o? En un principio se pens\u00f3 que al relajar la acomodaci\u00f3n sufrir\u00eda menor aumento de la miop\u00eda.<br \/>\nDesarrollar\u00e1 mal su sistema visual por no estimularlo al 100%<br \/>\nLlevar gafas y a pesar de ello no ver bien?<br \/>\nEn 2006 se public\u00f3 un estudio conjunto realizado por Adler y Millodot en los departamentos de Optometr\u00eda del \u201cHasdassah College of Technology\u201d en Jerusal\u00e9n y la Escuela de optometr\u00eda y ciencias de la visi\u00f3n de la Universidad de Cardiff (UK). Pod\u00e9is leer el estudio completo<\/p>\n<p>Este estudio lo que hace es una comparaci\u00f3n entre ni\u00f1os de 6 a 15 a\u00f1os sanos, con buena visi\u00f3n binocular, no estr\u00e1bicos y una agudeza visual buena, con graduaciones inferiores a -6D.<\/p>\n<p>Se realiz\u00f3 un seguimiento semestral de la evoluci\u00f3n de los ni\u00f1os, que utilizaban su gafa con correcci\u00f3n todo el d\u00eda, la mitad de ellos, seleccionados de forma aleatoria, utilizaron la correcci\u00f3n completa y la otra mitad fueron hipo corregidos.<\/p>\n<p>Las conclusiones del estudio, aunque no tienen valor estad\u00edstico por los valores de diferencia y por el tama\u00f1o de la muestra, s\u00ed son interesantes para la pr\u00e1ctica cl\u00ednica y fueron las siguientes:<\/p>\n<p>El grupo de ni\u00f1os hipo-corregidos increment\u00f3 su miop\u00eda 0,17D m\u00e1s que el grupo de ni\u00f1os totalmente corregido.<br \/>\nLa hipo-correcci\u00f3n no produce beneficios y en todo caso incrementa la progresi\u00f3n de la miop\u00eda.<br \/>\nLas diferencias no son estad\u00edsticamente significativas, hay estudios como los realizados por O\u2019Leary que hablan de diferencia de 0,23D en un estudio m\u00e1s largo y con el doble de sujetos a analizar.<br \/>\nHipo corregir no se puede considerar una t\u00e9cnica para frenar la progresi\u00f3n de la miop\u00eda, incluso la borrosidad en lejos puede resultar inadecuada.<br \/>\nEs importante tener en cuenta que en la progresi\u00f3n de la miop\u00eda afectan tambi\u00e9n otros factores como son la gen\u00e9tica, los factores ambientales as\u00ed como el estilo de vida.<br \/>\nEn resumen, los diferentes estudios hablan de que la miop\u00eda progresa entre 0,38D \u2013 0,55D al a\u00f1o en los ni\u00f1os totalmente corregidos y alrededor de 0,6D en los hipo corregidos.<\/p>\n<div style=\"padding-bottom:20px; padding-top:10px;\" class=\"hupso-share-buttons\"><!-- Hupso Share Buttons - https:\/\/www.hupso.com\/share\/ --><a class=\"hupso_toolbar\" href=\"https:\/\/www.hupso.com\/share\/\"><img decoding=\"async\" src=\"https:\/\/static.hupso.com\/share\/buttons\/lang\/es\/share-medium.png\" style=\"border:0px; padding-top: 5px; float:left;\" alt=\"Share Button\"\/><\/a><script type=\"text\/javascript\">var hupso_services_t=new Array(\"Twitter\",\"Facebook\",\"Google Plus\",\"Pinterest\",\"Email\",\"Print\");var hupso_background_t=\"#EAF4FF\";var hupso_border_t=\"#66CCFF\";var hupso_toolbar_size_t=\"medium\";var hupso_image_folder_url = \"\";var hupso_url_t=\"\";var hupso_title_t=\"Los%20efectos%20de%20no%20corregir%20la%20miop%C3%ADa%20en%20ni%C3%B1os%20by%20AnaVicenteym%C3%A1s\";<\/script><script type=\"text\/javascript\" src=\"https:\/\/static.hupso.com\/share\/js\/share_toolbar.js\"><\/script><!-- Hupso Share Buttons --><\/div>","protected":false},"excerpt":{"rendered":"<p>Hasta no hace mucho tiempo, la creencia popular e incluso la de muchos profesionales de la \u00f3ptica y la oftalmolog\u00eda recomendaba no corregir peque\u00f1as miop\u00edas o no corregir la miop\u00eda en su totalidad buscando con ello evitar su progresi\u00f3n. La&#8230;<\/p>\n<div style=\"padding-bottom:20px; padding-top:10px;\" class=\"hupso-share-buttons\"><!-- Hupso Share Buttons - https:\/\/www.hupso.com\/share\/ --><a class=\"hupso_toolbar\" href=\"https:\/\/www.hupso.com\/share\/\"><img src=\"https:\/\/static.hupso.com\/share\/buttons\/lang\/es\/share-medium.png\" style=\"border:0px; padding-top: 5px; float:left;\" alt=\"Share Button\"\/><\/a><script type=\"text\/javascript\">var hupso_services_t=new Array(\"Twitter\",\"Facebook\",\"Google Plus\",\"Pinterest\",\"Email\",\"Print\");var hupso_background_t=\"#EAF4FF\";var hupso_border_t=\"#66CCFF\";var hupso_toolbar_size_t=\"medium\";var hupso_image_folder_url = \"\";var hupso_url_t=\"\";var hupso_title_t=\"Los%20efectos%20de%20no%20corregir%20la%20miop%C3%ADa%20en%20ni%C3%B1os%20by%20AnaVicenteym%C3%A1s\";<\/script><script type=\"text\/javascript\" src=\"https:\/\/static.hupso.com\/share\/js\/share_toolbar.js\"><\/script><!-- Hupso Share Buttons --><\/div>","protected":false},"author":1,"featured_media":1733,"comment_status":"open","ping_status":"closed","sticky":false,"template":"","format":"standard","meta":{"footnotes":""},"categories":[1],"tags":[173,74,84],"class_list":["post-1724","post","type-post","status-publish","format-standard","has-post-thumbnail","hentry","category-gafas-graduadas","tag-control-miopia","tag-gafas-ninos","tag-miopia"],"aioseo_notices":[],"_links":{"self":[{"href":"https:\/\/www.opticapedraza.com\/blog\/wp-json\/wp\/v2\/posts\/1724","targetHints":{"allow":["GET"]}}],"collection":[{"href":"https:\/\/www.opticapedraza.com\/blog\/wp-json\/wp\/v2\/posts"}],"about":[{"href":"https:\/\/www.opticapedraza.com\/blog\/wp-json\/wp\/v2\/types\/post"}],"author":[{"embeddable":true,"href":"https:\/\/www.opticapedraza.com\/blog\/wp-json\/wp\/v2\/users\/1"}],"replies":[{"embeddable":true,"href":"https:\/\/www.opticapedraza.com\/blog\/wp-json\/wp\/v2\/comments?post=1724"}],"version-history":[{"count":6,"href":"https:\/\/www.opticapedraza.com\/blog\/wp-json\/wp\/v2\/posts\/1724\/revisions"}],"predecessor-version":[{"id":1732,"href":"https:\/\/www.opticapedraza.com\/blog\/wp-json\/wp\/v2\/posts\/1724\/revisions\/1732"}],"wp:featuredmedia":[{"embeddable":true,"href":"https:\/\/www.opticapedraza.com\/blog\/wp-json\/wp\/v2\/media\/1733"}],"wp:attachment":[{"href":"https:\/\/www.opticapedraza.com\/blog\/wp-json\/wp\/v2\/media?parent=1724"}],"wp:term":[{"taxonomy":"category","embeddable":true,"href":"https:\/\/www.opticapedraza.com\/blog\/wp-json\/wp\/v2\/categories?post=1724"},{"taxonomy":"post_tag","embeddable":true,"href":"https:\/\/www.opticapedraza.com\/blog\/wp-json\/wp\/v2\/tags?post=1724"}],"curies":[{"name":"wp","href":"https:\/\/api.w.org\/{rel}","templated":true}]}}