{"id":1716,"date":"2016-10-21T07:31:43","date_gmt":"2016-10-21T07:31:43","guid":{"rendered":"https:\/\/www.opticapedraza.com\/blog\/?p=1716"},"modified":"2016-10-21T07:31:43","modified_gmt":"2016-10-21T07:31:43","slug":"mykita-gafas-de-calidad","status":"publish","type":"post","link":"https:\/\/www.opticapedraza.com\/blog\/mykita-gafas-de-calidad\/","title":{"rendered":"Mykita, gafas de calidad"},"content":{"rendered":"<p><strong>La firma alemana es una de las m\u00e1s seguidas y que m\u00e1s seguidores tiene a nivel global<\/strong> en todos los mercados<br \/>\nmundiales. En el norte, en el sur, Am\u00e9rica y Europa. Sin duda, esta marca est\u00e1 estrechamente relacionada con una serie de valores altamente perseguidos como son la alt\u00edsima calidad de los materiales con los que se elaboran y la tecnolog\u00eda punta, innovaci\u00f3n y vanguardia que se utilizan para su fabricaci\u00f3n.<a href=\"https:\/\/www.opticapedraza.com\/blog\/wp-content\/uploads\/mykita-dionne-179.jpg\"><img loading=\"lazy\" decoding=\"async\" class=\"alignright size-full wp-image-1718\" src=\"https:\/\/www.opticapedraza.com\/blog\/wp-content\/uploads\/mykita-dionne-179.jpg\" alt=\"mykita-dionne-179\" width=\"333\" height=\"137\" srcset=\"https:\/\/www.opticapedraza.com\/blog\/wp-content\/uploads\/mykita-dionne-179.jpg 333w, https:\/\/www.opticapedraza.com\/blog\/wp-content\/uploads\/mykita-dionne-179-300x123.jpg 300w\" sizes=\"auto, (max-width: 333px) 100vw, 333px\" \/><\/a><\/p>\n<p>Hablar de Mykita es hacerlo de la alta gama, de la fabricaci\u00f3n muy cuidada con procesos totalmente artesanales y realizados a mano y siempre pensando\u00a0 en un p\u00fablico muy concreto que buscan la calidad y la exclusividad por encima del resto de cosas.<\/p>\n<p>La marca est\u00e1 ubicada en <strong><a href=\"https:\/\/www.disfrutaberlin.com\/\">Berl\u00edn<\/a><\/strong> y ha sido capaz de llegar a sus clientes con soluciones revolucionarias como las monturas sin tornillo, ultraligeras con un dispositivo de bisagra que dan la sensaci\u00f3n de comodidad absoluta y de gafas muy agradables por su ligereza.<\/p>\n<p><a href=\"https:\/\/mykita.com\/en\"><strong>Mykita<\/strong><\/a> es la iniciativa de cuatro visionarios, cuatro amigos que so\u00f1aron con crear una marca de referencia en el mundo de las gafas <strong><a href=\"http:\/\/www.zeiss.es\/vision-care\/es_es\/better-vision\/entender--la-vision\/tendencias-y-asesoramiento\/anatomia-de-unas-gafas-de-sol-las-Franz-de-Mykita-Bernhard-Willhelm.html\">Gottschling Harald<\/a><\/strong>, Moritz Krueger, Haffmans Daniel y Philipp Haffmans. So\u00f1aron con plasmar <a href=\"https:\/\/www.opticapedraza.com\/blog\/wp-content\/uploads\/mykita-lil-052-red.jpg\"><img loading=\"lazy\" decoding=\"async\" class=\"alignright size-medium wp-image-1719\" src=\"https:\/\/www.opticapedraza.com\/blog\/wp-content\/uploads\/mykita-lil-052-red-300x104.jpg\" alt=\"mykita-lil-052-red\" width=\"300\" height=\"104\" srcset=\"https:\/\/www.opticapedraza.com\/blog\/wp-content\/uploads\/mykita-lil-052-red-300x104.jpg 300w, https:\/\/www.opticapedraza.com\/blog\/wp-content\/uploads\/mykita-lil-052-red.jpg 842w\" sizes=\"auto, (max-width: 300px) 100vw, 300px\" \/><\/a>una idea que poco a poco convirtieron en realidad.<\/p>\n<p>Algunos de los hitos conseguidos por<strong><a href=\"https:\/\/www.opticapedraza.com\/es\/gafas-de-sol-mykita\"> Mykita<\/a><\/strong> son la revoluci\u00f3n del mundo de las gafas de sol con colecciones muy livianas, otras con cientos de colores y modelos para elegir y el lanzamiento de gafas exclusivas para sus clientes m\u00e1s exigentes con materiales totalmente novedosos como el oro y el platino.<\/p>\n<p>Uno de sus \u00faltimos\u00a0 retos fue la presentaci\u00f3n de la colecci\u00f3n junto a un grande de la moda, el dise\u00f1ador croata Damir Doma.<\/p>\n<p>La b\u00fasqueda del equilibro entre las luces y las sombras marcan el rumbo de la apuesta de esta espectacular colecci\u00f3n que se vertebra en torno a formas redondas, materiales novedosos y la experimentaci\u00f3n con los colores son capaces de crear ilusiones \u00f3pticas con materiales que parecen flotar.\u00a0<a href=\"https:\/\/www.opticapedraza.com\/blog\/wp-content\/uploads\/mykita-lil-052-lila.jpg\"><img loading=\"lazy\" decoding=\"async\" class=\"alignright size-medium wp-image-1720\" src=\"https:\/\/www.opticapedraza.com\/blog\/wp-content\/uploads\/mykita-lil-052-lila-300x101.jpg\" alt=\"mykita-lil-052-lila\" width=\"300\" height=\"101\" srcset=\"https:\/\/www.opticapedraza.com\/blog\/wp-content\/uploads\/mykita-lil-052-lila-300x101.jpg 300w, https:\/\/www.opticapedraza.com\/blog\/wp-content\/uploads\/mykita-lil-052-lila-900x304.jpg 900w, https:\/\/www.opticapedraza.com\/blog\/wp-content\/uploads\/mykita-lil-052-lila.jpg 946w\" sizes=\"auto, (max-width: 300px) 100vw, 300px\" \/><\/a><\/p>\n<p>Si quieres encontrar gafas exclusivas como las de la marca Mykita puedes hacerlo en nuestra \u00f3ptica en Salamanca o en nuestra <strong><a href=\"https:\/\/www.opticapedraza.com\/es\/\">\u00f3ptica online<\/a><\/strong> en que encontrar\u00e1s un <strong>amplio cat\u00e1logo de novedades y nuevas colecciones<\/strong> as\u00ed como secciones de outlet o liquidaci\u00f3n.<\/p>\n<div style=\"padding-bottom:20px; padding-top:10px;\" class=\"hupso-share-buttons\"><!-- Hupso Share Buttons - https:\/\/www.hupso.com\/share\/ --><a class=\"hupso_toolbar\" href=\"https:\/\/www.hupso.com\/share\/\"><img decoding=\"async\" src=\"https:\/\/static.hupso.com\/share\/buttons\/lang\/es\/share-medium.png\" style=\"border:0px; padding-top: 5px; float:left;\" alt=\"Share Button\"\/><\/a><script type=\"text\/javascript\">var hupso_services_t=new Array(\"Twitter\",\"Facebook\",\"Google Plus\",\"Pinterest\",\"Email\",\"Print\");var hupso_background_t=\"#EAF4FF\";var hupso_border_t=\"#66CCFF\";var hupso_toolbar_size_t=\"medium\";var hupso_image_folder_url = \"\";var hupso_url_t=\"\";var hupso_title_t=\"Mykita%2C%20gafas%20de%20calidad\";<\/script><script type=\"text\/javascript\" src=\"https:\/\/static.hupso.com\/share\/js\/share_toolbar.js\"><\/script><!-- Hupso Share Buttons --><\/div>","protected":false},"excerpt":{"rendered":"<p>La firma alemana es una de las m\u00e1s seguidas y que m\u00e1s seguidores tiene a nivel global en todos los mercados mundiales. En el norte, en el sur, Am\u00e9rica y Europa. Sin duda, esta marca est\u00e1 estrechamente relacionada con una&#8230;<\/p>\n<div style=\"padding-bottom:20px; padding-top:10px;\" class=\"hupso-share-buttons\"><!-- Hupso Share Buttons - https:\/\/www.hupso.com\/share\/ --><a class=\"hupso_toolbar\" href=\"https:\/\/www.hupso.com\/share\/\"><img src=\"https:\/\/static.hupso.com\/share\/buttons\/lang\/es\/share-medium.png\" style=\"border:0px; padding-top: 5px; float:left;\" alt=\"Share Button\"\/><\/a><script type=\"text\/javascript\">var hupso_services_t=new Array(\"Twitter\",\"Facebook\",\"Google Plus\",\"Pinterest\",\"Email\",\"Print\");var hupso_background_t=\"#EAF4FF\";var hupso_border_t=\"#66CCFF\";var hupso_toolbar_size_t=\"medium\";var hupso_image_folder_url = \"\";var hupso_url_t=\"\";var hupso_title_t=\"Mykita%2C%20gafas%20de%20calidad\";<\/script><script type=\"text\/javascript\" src=\"https:\/\/static.hupso.com\/share\/js\/share_toolbar.js\"><\/script><!-- Hupso Share Buttons --><\/div>","protected":false},"author":1,"featured_media":1718,"comment_status":"open","ping_status":"closed","sticky":false,"template":"","format":"standard","meta":{"footnotes":""},"categories":[153,1,171,130],"tags":[10,172,140],"class_list":["post-1716","post","type-post","status-publish","format-standard","has-post-thumbnail","hentry","category-gafas-exclusivas","category-gafas-graduadas","category-mykita","category-optica-online","tag-gafas-de-sol-2","tag-grafas-graduadas","tag-optica-en-salamanca"],"aioseo_notices":[],"_links":{"self":[{"href":"https:\/\/www.opticapedraza.com\/blog\/wp-json\/wp\/v2\/posts\/1716","targetHints":{"allow":["GET"]}}],"collection":[{"href":"https:\/\/www.opticapedraza.com\/blog\/wp-json\/wp\/v2\/posts"}],"about":[{"href":"https:\/\/www.opticapedraza.com\/blog\/wp-json\/wp\/v2\/types\/post"}],"author":[{"embeddable":true,"href":"https:\/\/www.opticapedraza.com\/blog\/wp-json\/wp\/v2\/users\/1"}],"replies":[{"embeddable":true,"href":"https:\/\/www.opticapedraza.com\/blog\/wp-json\/wp\/v2\/comments?post=1716"}],"version-history":[{"count":1,"href":"https:\/\/www.opticapedraza.com\/blog\/wp-json\/wp\/v2\/posts\/1716\/revisions"}],"predecessor-version":[{"id":1721,"href":"https:\/\/www.opticapedraza.com\/blog\/wp-json\/wp\/v2\/posts\/1716\/revisions\/1721"}],"wp:featuredmedia":[{"embeddable":true,"href":"https:\/\/www.opticapedraza.com\/blog\/wp-json\/wp\/v2\/media\/1718"}],"wp:attachment":[{"href":"https:\/\/www.opticapedraza.com\/blog\/wp-json\/wp\/v2\/media?parent=1716"}],"wp:term":[{"taxonomy":"category","embeddable":true,"href":"https:\/\/www.opticapedraza.com\/blog\/wp-json\/wp\/v2\/categories?post=1716"},{"taxonomy":"post_tag","embeddable":true,"href":"https:\/\/www.opticapedraza.com\/blog\/wp-json\/wp\/v2\/tags?post=1716"}],"curies":[{"name":"wp","href":"https:\/\/api.w.org\/{rel}","templated":true}]}}