{"id":1658,"date":"2016-03-16T20:29:19","date_gmt":"2016-03-16T20:29:19","guid":{"rendered":"https:\/\/www.opticapedraza.com\/blog\/?p=1658"},"modified":"2016-03-16T20:29:19","modified_gmt":"2016-03-16T20:29:19","slug":"programa-de-terapia-visual","status":"publish","type":"post","link":"https:\/\/www.opticapedraza.com\/blog\/programa-de-terapia-visual\/","title":{"rendered":"Programa de terapia visual"},"content":{"rendered":"<p>Hoy queremos compartir con todos vosotros\u00a0la ampliaci\u00f3n\u00a0nuestros servicios hacia el entrenamiento visual. Esta situaci\u00f3n viene motivada por la necesidad, tanto en ni\u00f1os como en adultos, de <a href=\"https:\/\/www.opticapedraza.com\/blog\/wp-content\/uploads\/terapia-visual-pedraza.jpg\"><img loading=\"lazy\" decoding=\"async\" class=\"alignright wp-image-1662 size-wptouch-new-thumbnail\" src=\"https:\/\/www.opticapedraza.com\/blog\/wp-content\/uploads\/terapia-visual-pedraza-144x144.jpg\" alt=\"terapia-visual-pedraza\" width=\"144\" height=\"144\" srcset=\"https:\/\/www.opticapedraza.com\/blog\/wp-content\/uploads\/terapia-visual-pedraza-144x144.jpg 144w, https:\/\/www.opticapedraza.com\/blog\/wp-content\/uploads\/terapia-visual-pedraza-150x150.jpg 150w\" sizes=\"auto, (max-width: 144px) 100vw, 144px\" \/><\/a>optometristas especializados que solucionen <strong>los problemas visuales que no se corrigen s\u00f3lo con gafas o lentillas<\/strong>.<\/p>\n<p>En los adultos encontraremos s\u00edntomas como la fatiga o cansancio ocular, dolores de cabeza, falta de concentraci\u00f3n, visi\u00f3n doble&#8230;que necesitar\u00e1 un Entrenamiento visual personalizado. En ni\u00f1os encontraremos adem\u00e1s problemas asociados con ojos vagos, estrabismos&#8230;<\/p>\n<p>Entre el 80-90% de la informaci\u00f3n que recibimos de nuestro entrono, es por la v\u00eda visual. Una alteraci\u00f3n en este sistema en una edad temprana, tanto por un ojo vago, un estrabismo, problemas de fusi\u00f3n, acomodativos, etc&#8230;.har\u00e1 que no se realice un desarrollo correcto y afectar\u00e1 a la lectura, escritura, comprensi\u00f3n&#8230;<\/p>\n<p>Estos s\u00edntomas junto con otros como invertir las letras, continua distracci\u00f3n, acercamiento excesivo a las letras o textos, movimiento de la cabeza al leer, gui\u00f1ar o frotar los ojos o confundir las letras y palabras pueden ser una pista o un indicio para reconocer que <strong><a href=\"http:\/\/www.imo.es\/2014\/09\/09\/la-terapia-visual-permite-mejorar-el-rendimiento-escolar-de-ciertos-ninos-con-dificultades-de-aprendizaje\/\">nuestro hijo puede tener un problema de aprendizaje motivado por una mala o deficiente visi\u00f3n.<\/a><\/strong><\/p>\n<p>\u00d3ptica Manuel Pedraza es la primera \u00f3ptica en Salamanca que pone en marcha este necesario servicio de <strong><a href=\"http:\/\/www.imfarmacias.es\/noticia\/9162\/el-v-congreso-del-instituto-federopticos-apuesta-por-la-innovacion-en-el-marketing-y-los-servicios-profesionales\">terapia visual<\/a><\/strong>. Para ello se realizar\u00e1 un primer examen optom\u00e9trico y a continuaci\u00f3n se realizar\u00e1, en caso de ser necesario, un examen perceptual que nos permitir\u00e1 conocer cu\u00e1les son las destrezas espec\u00edficas para reunir, interpretar, organizar y almacenar todas las informaciones que<a href=\"https:\/\/www.opticapedraza.com\/blog\/wp-content\/uploads\/terapia-visual-pedraza-2.jpg\"><img loading=\"lazy\" decoding=\"async\" class=\"alignright size-wptouch-new-thumbnail wp-image-1663\" src=\"https:\/\/www.opticapedraza.com\/blog\/wp-content\/uploads\/terapia-visual-pedraza-2-144x144.jpg\" alt=\"terapia-visual-pedraza-2\" width=\"144\" height=\"144\" srcset=\"https:\/\/www.opticapedraza.com\/blog\/wp-content\/uploads\/terapia-visual-pedraza-2-144x144.jpg 144w, https:\/\/www.opticapedraza.com\/blog\/wp-content\/uploads\/terapia-visual-pedraza-2-150x150.jpg 150w\" sizes=\"auto, (max-width: 144px) 100vw, 144px\" \/><\/a> son recogidas por los ojos. Estos ex\u00e1menes permitir\u00e1n elaborar un informe con las conclusiones y as\u00ed poder corregir esa deficiencia. Para ello se entregar\u00e1 un kit de entrenamiento para realizar los ejercicios en casa y nuestros profesionales realizar\u00e1n un seguimiento semanal de una hora para comprobar el progreso y el trabajo realizado.<\/p>\n<p>Se realiza una revisi\u00f3n para analizar la evoluci\u00f3n cada 10 sesiones aproximadamente.<\/p>\n<p>En ocasiones olvidamos la importancia que tiene el cuidado de los ojos en todas las edades, pero sobre todo en la edad temprana en la que se est\u00e1n formando las capacidades visuales, espaciales y motoras de los m\u00e1s peque\u00f1os.<\/p>\n<p>El equipo de profesionales \u00f3pticos y optometristas de <strong><a href=\"https:\/\/www.opticapedraza.com\/\">\u00d3ptica Manuel Pedraza<\/a><\/strong> pone a tu alcance la <strong>soluci\u00f3n a tus problemas de visi\u00f3n<\/strong>.<\/p>\n<div style=\"padding-bottom:20px; padding-top:10px;\" class=\"hupso-share-buttons\"><!-- Hupso Share Buttons - https:\/\/www.hupso.com\/share\/ --><a class=\"hupso_toolbar\" href=\"https:\/\/www.hupso.com\/share\/\"><img decoding=\"async\" src=\"https:\/\/static.hupso.com\/share\/buttons\/lang\/es\/share-medium.png\" style=\"border:0px; padding-top: 5px; float:left;\" alt=\"Share Button\"\/><\/a><script type=\"text\/javascript\">var hupso_services_t=new Array(\"Twitter\",\"Facebook\",\"Google Plus\",\"Pinterest\",\"Email\",\"Print\");var hupso_background_t=\"#EAF4FF\";var hupso_border_t=\"#66CCFF\";var hupso_toolbar_size_t=\"medium\";var hupso_image_folder_url = \"\";var hupso_url_t=\"\";var hupso_title_t=\"Programa%20de%20terapia%20visual\";<\/script><script type=\"text\/javascript\" src=\"https:\/\/static.hupso.com\/share\/js\/share_toolbar.js\"><\/script><!-- Hupso Share Buttons --><\/div>","protected":false},"excerpt":{"rendered":"<p>Hoy queremos compartir con todos vosotros\u00a0la ampliaci\u00f3n\u00a0nuestros servicios hacia el entrenamiento visual. Esta situaci\u00f3n viene motivada por la necesidad, tanto en ni\u00f1os como en adultos, de optometristas especializados que solucionen los problemas visuales que no se corrigen s\u00f3lo con gafas&#8230;<\/p>\n<div style=\"padding-bottom:20px; padding-top:10px;\" class=\"hupso-share-buttons\"><!-- Hupso Share Buttons - https:\/\/www.hupso.com\/share\/ --><a class=\"hupso_toolbar\" href=\"https:\/\/www.hupso.com\/share\/\"><img src=\"https:\/\/static.hupso.com\/share\/buttons\/lang\/es\/share-medium.png\" style=\"border:0px; padding-top: 5px; float:left;\" alt=\"Share Button\"\/><\/a><script type=\"text\/javascript\">var hupso_services_t=new Array(\"Twitter\",\"Facebook\",\"Google Plus\",\"Pinterest\",\"Email\",\"Print\");var hupso_background_t=\"#EAF4FF\";var hupso_border_t=\"#66CCFF\";var hupso_toolbar_size_t=\"medium\";var hupso_image_folder_url = \"\";var hupso_url_t=\"\";var hupso_title_t=\"Programa%20de%20terapia%20visual\";<\/script><script type=\"text\/javascript\" src=\"https:\/\/static.hupso.com\/share\/js\/share_toolbar.js\"><\/script><!-- Hupso Share Buttons --><\/div>","protected":false},"author":1,"featured_media":0,"comment_status":"open","ping_status":"closed","sticky":false,"template":"","format":"standard","meta":{"footnotes":""},"categories":[142,157,156],"tags":[139,158,159,160],"class_list":["post-1658","post","type-post","status-publish","format-standard","hentry","category-optica-salamanca","category-problemas-de-vision","category-terapia-visual","tag-optica-pedraza","tag-opticos","tag-optometristas","tag-salud-visual"],"aioseo_notices":[],"_links":{"self":[{"href":"https:\/\/www.opticapedraza.com\/blog\/wp-json\/wp\/v2\/posts\/1658","targetHints":{"allow":["GET"]}}],"collection":[{"href":"https:\/\/www.opticapedraza.com\/blog\/wp-json\/wp\/v2\/posts"}],"about":[{"href":"https:\/\/www.opticapedraza.com\/blog\/wp-json\/wp\/v2\/types\/post"}],"author":[{"embeddable":true,"href":"https:\/\/www.opticapedraza.com\/blog\/wp-json\/wp\/v2\/users\/1"}],"replies":[{"embeddable":true,"href":"https:\/\/www.opticapedraza.com\/blog\/wp-json\/wp\/v2\/comments?post=1658"}],"version-history":[{"count":3,"href":"https:\/\/www.opticapedraza.com\/blog\/wp-json\/wp\/v2\/posts\/1658\/revisions"}],"predecessor-version":[{"id":1664,"href":"https:\/\/www.opticapedraza.com\/blog\/wp-json\/wp\/v2\/posts\/1658\/revisions\/1664"}],"wp:attachment":[{"href":"https:\/\/www.opticapedraza.com\/blog\/wp-json\/wp\/v2\/media?parent=1658"}],"wp:term":[{"taxonomy":"category","embeddable":true,"href":"https:\/\/www.opticapedraza.com\/blog\/wp-json\/wp\/v2\/categories?post=1658"},{"taxonomy":"post_tag","embeddable":true,"href":"https:\/\/www.opticapedraza.com\/blog\/wp-json\/wp\/v2\/tags?post=1658"}],"curies":[{"name":"wp","href":"https:\/\/api.w.org\/{rel}","templated":true}]}}