{"id":1227,"date":"2014-10-24T11:42:02","date_gmt":"2014-10-24T11:42:02","guid":{"rendered":"https:\/\/www.opticapedraza.com\/blog\/?p=1227"},"modified":"2014-10-24T12:32:02","modified_gmt":"2014-10-24T12:32:02","slug":"nueva-coleccion-gafas-de-sol-de-chanel","status":"publish","type":"post","link":"https:\/\/www.opticapedraza.com\/blog\/nueva-coleccion-gafas-de-sol-de-chanel\/","title":{"rendered":"Nueva colecci\u00f3n de gafas graduadas y de sol de CHANEL"},"content":{"rendered":"<p><a href=\"https:\/\/www.opticapedraza.com\/blog\/wp-content\/uploads\/gafas-de-sol-chanel-salamanca.jpg\"><img loading=\"lazy\" decoding=\"async\" class=\"size-single-thumbnail wp-image-1245 aligncenter\" src=\"https:\/\/www.opticapedraza.com\/blog\/wp-content\/uploads\/gafas-de-sol-chanel-salamanca-636x310.jpg\" alt=\"CHANEL y su exclusiva nueva colecci\u00f3n de gafas graduadas de sol\" width=\"636\" height=\"310\" \/><\/a><\/p>\n<p>\u00a1Hola! Aunque ya hace un tiempo que ven\u00edamos avisando de la nueva colecci\u00f3n de\u00a0<strong><a href=\"http:\/\/www.opticapedraza.com\" target=\"_blank\" shape=\"rect\">gafas de sol<\/a>\u00a0<\/strong>de\u00a0<strong>CHANEL,\u00a0<\/strong>hemos querido presentarla\u00a0en el blog de\u00a0<strong><a href=\"http:\/\/www.opticapedraza.com\" target=\"_blank\" shape=\"rect\">\u00d3ptica Salamanca Manuel Pedraza<\/a>.<\/strong><\/p>\n<p><!--more--><\/p>\n<p>&nbsp;<\/p>\n<p>Desde sus inicios, CHANEL es conocida en la d\u00e9cada de 1990 por su exclusividad y lujo. Sus\u00a0<strong>gafas de sol <\/strong>se caracterizan por la sencillez, buen gusto y atenci\u00f3n en los detalles. As\u00ed es la marca parisina y as\u00ed lo descubrimos en esta colecci\u00f3n que te presentamos.<\/p>\n<p>&nbsp;<\/p>\n<p style=\"text-align: center;\"><a href=\"https:\/\/www.opticapedraza.com\/blog\/wp-content\/uploads\/gafas-de-sol-chanel-salamanca-01.jpg\"><img loading=\"lazy\" decoding=\"async\" class=\"aligncenter wp-image-1244 size-full\" src=\"https:\/\/www.opticapedraza.com\/blog\/wp-content\/uploads\/gafas-de-sol-chanel-salamanca-01.jpg\" alt=\"CHANEL y su exclusiva nueva colecci\u00f3n de gafas de sol\" width=\"550\" height=\"315\" srcset=\"https:\/\/www.opticapedraza.com\/blog\/wp-content\/uploads\/gafas-de-sol-chanel-salamanca-01.jpg 550w, https:\/\/www.opticapedraza.com\/blog\/wp-content\/uploads\/gafas-de-sol-chanel-salamanca-01-300x171.jpg 300w\" sizes=\"auto, (max-width: 550px) 100vw, 550px\" \/><\/a><\/p>\n<p>Para presentar sus gafas de sol, CHANEL ha querido contar para esta ocasi\u00f3n con la modelo\u00a0<span style=\"border-collapse: separate; color: #000000; font-style: normal; font-variant: normal; font-weight: normal; letter-spacing: normal; line-height: normal; orphans: 2; text-align: -webkit-auto; text-indent: 0px; text-transform: none; white-space: normal; widows: 2; word-spacing: 0px; -webkit-border-horizontal-spacing: 0px; -webkit-border-vertical-spacing: 0px; -webkit-text-decorations-in-effect: none; -webkit-text-size-adjust: auto; -webkit-text-stroke-width: 0px;\">Charlotte Free; joven, con mucha imaginaci\u00f3n, le gusta te\u00f1irse el pelo de rosa y ha sido embajadora de grandes firmas.\u00a0\u00a1Muy apropiada para la presentaci\u00f3n!<\/span><\/p>\n<p><a href=\"https:\/\/www.opticapedraza.com\/blog\/wp-content\/uploads\/gafas-de-sol-chanel-salamanca-02.jpg\"><img loading=\"lazy\" decoding=\"async\" class=\"aligncenter wp-image-1243 size-full\" src=\"https:\/\/www.opticapedraza.com\/blog\/wp-content\/uploads\/gafas-de-sol-chanel-salamanca-02.jpg\" alt=\"CHANEL y su exclusiva nueva colecci\u00f3n de gafas graduadas de sol\" width=\"532\" height=\"532\" srcset=\"https:\/\/www.opticapedraza.com\/blog\/wp-content\/uploads\/gafas-de-sol-chanel-salamanca-02.jpg 532w, https:\/\/www.opticapedraza.com\/blog\/wp-content\/uploads\/gafas-de-sol-chanel-salamanca-02-150x150.jpg 150w, https:\/\/www.opticapedraza.com\/blog\/wp-content\/uploads\/gafas-de-sol-chanel-salamanca-02-300x300.jpg 300w, https:\/\/www.opticapedraza.com\/blog\/wp-content\/uploads\/gafas-de-sol-chanel-salamanca-02-144x144.jpg 144w\" sizes=\"auto, (max-width: 532px) 100vw, 532px\" \/><\/a><\/p>\n<p>\u00bfQu\u00e9 te parece las nuevas <strong>gafas de sol de CHANEL<\/strong>? Nos encantan todas. Te esperamos en \u00d3ptica Salamanca Pedraza, en la Plaza de la Fuente 18, Salamanca. \u00a1Ll\u00e1manos al\u00a0<span style=\"font: 14.0px Helvetica;\">923 21 77 70 para informarte! Tambi\u00e9n puedes hacerte fan en\u00a0<\/span><a href=\"https:\/\/www.facebook.com\/OpticaPedraza\" target=\"_blank\" shape=\"rect\">Facebook<\/a>\u00a0y\u00a0seguirnos en\u00a0<a href=\"https:\/\/twitter.com\/OpticaPedraza\" target=\"_blank\" shape=\"rect\">Twitter<\/a>.<\/p>\n<dl id=\"attachment_1242\" class=\"wp-caption aligncenter\" style=\"width: 646px;\">\n<dt class=\"wp-caption-dt\"><a href=\"https:\/\/www.opticapedraza.com\/blog\/wp-content\/uploads\/gafas-de-sol-chanel-salamanca-03.jpg\"><img loading=\"lazy\" decoding=\"async\" class=\"wp-image-1242 size-single-thumbnail\" src=\"https:\/\/www.opticapedraza.com\/blog\/wp-content\/uploads\/gafas-de-sol-chanel-salamanca-03-636x310.jpg\" alt=\"CHANEL y su exclusiva nueva colecci\u00f3n de gafas graduadas de sol\" width=\"636\" height=\"310\" \/><\/a><\/dt>\n<dd class=\"wp-caption-dd\">Gafas de sol con montura de mariposa &#8211; Gafas de sol con patillas de metal con incrustaciones de strass baquette y fimo<\/dd>\n<\/dl>\n<dl id=\"attachment_1241\" class=\"wp-caption aligncenter\" style=\"width: 646px;\">\n<dt class=\"wp-caption-dt\"><a href=\"https:\/\/www.opticapedraza.com\/blog\/wp-content\/uploads\/gafas-de-sol-chanel-salamanca-04.jpg\"><img loading=\"lazy\" decoding=\"async\" class=\"wp-image-1241 size-single-thumbnail\" src=\"https:\/\/www.opticapedraza.com\/blog\/wp-content\/uploads\/gafas-de-sol-chanel-salamanca-04-636x310.jpg\" alt=\"CHANEL y su exclusiva nueva colecci\u00f3n de gafas graduadas de sol\" width=\"636\" height=\"310\" \/><\/a><\/dt>\n<dd class=\"wp-caption-dd\">Gafas de sol ojo de gato &#8211; Gafas de sol con montura ojo de gato en acetato, patillas de metal con incrustaciones de strass baquette y firma cc<\/dd>\n<\/dl>\n<dl id=\"attachment_1240\" class=\"wp-caption aligncenter\" style=\"width: 646px;\">\n<dt class=\"wp-caption-dt\"><a href=\"https:\/\/www.opticapedraza.com\/blog\/wp-content\/uploads\/gafas-de-sol-chanel-salamanca-05.jpg\"><img loading=\"lazy\" decoding=\"async\" class=\"wp-image-1240 size-single-thumbnail\" src=\"https:\/\/www.opticapedraza.com\/blog\/wp-content\/uploads\/gafas-de-sol-chanel-salamanca-05-636x310.jpg\" alt=\"CHANEL y su exclusiva nueva colecci\u00f3n de gafas graduadas de sol\" width=\"636\" height=\"310\" \/><\/a><\/dt>\n<dd class=\"wp-caption-dd\">Gafas de sol con montura cuadrada &#8211; Patillas de metal con incrustaciones de strass baquette y firma cc<\/dd>\n<\/dl>\n<dl id=\"attachment_1239\" class=\"wp-caption aligncenter\" style=\"width: 646px;\">\n<dt class=\"wp-caption-dt\"><a href=\"https:\/\/www.opticapedraza.com\/blog\/wp-content\/uploads\/gafas-de-sol-chanel-salamanca-06.jpg\"><img loading=\"lazy\" decoding=\"async\" class=\"size-single-thumbnail wp-image-1239\" src=\"https:\/\/www.opticapedraza.com\/blog\/wp-content\/uploads\/gafas-de-sol-chanel-salamanca-06-636x310.jpg\" alt=\"CHANEL y su exclusiva nueva colecci\u00f3n de gafas graduadas de sol\" width=\"636\" height=\"310\" \/><\/a><\/dt>\n<dd class=\"wp-caption-dd\">Gafas para graduar &#8211; Gafas de sol con montura ovalada en acetato, patillas de mental con incrustaciones de strass baquetee y firma cc<\/dd>\n<\/dl>\n<p><a href=\"https:\/\/www.opticapedraza.com\/blog\/wp-content\/uploads\/gafas-de-sol-chanel-salamanca-07.jpg\"><img loading=\"lazy\" decoding=\"async\" class=\"aligncenter size-full wp-image-1238\" src=\"https:\/\/www.opticapedraza.com\/blog\/wp-content\/uploads\/gafas-de-sol-chanel-salamanca-07.jpg\" alt=\"CHANEL y su exclusiva nueva colecci\u00f3n de gafas graduadas de sol\" width=\"429\" height=\"166\" srcset=\"https:\/\/www.opticapedraza.com\/blog\/wp-content\/uploads\/gafas-de-sol-chanel-salamanca-07.jpg 429w, https:\/\/www.opticapedraza.com\/blog\/wp-content\/uploads\/gafas-de-sol-chanel-salamanca-07-300x116.jpg 300w\" sizes=\"auto, (max-width: 429px) 100vw, 429px\" \/><\/a> <a href=\"https:\/\/www.opticapedraza.com\/blog\/wp-content\/uploads\/gafas-de-sol-chanel-salamanca-08.jpg\"><img loading=\"lazy\" decoding=\"async\" class=\"aligncenter size-full wp-image-1237\" src=\"https:\/\/www.opticapedraza.com\/blog\/wp-content\/uploads\/gafas-de-sol-chanel-salamanca-08.jpg\" alt=\"CHANEL y su exclusiva nueva colecci\u00f3n de gafas graduadas de sol\" width=\"427\" height=\"156\" srcset=\"https:\/\/www.opticapedraza.com\/blog\/wp-content\/uploads\/gafas-de-sol-chanel-salamanca-08.jpg 427w, https:\/\/www.opticapedraza.com\/blog\/wp-content\/uploads\/gafas-de-sol-chanel-salamanca-08-300x109.jpg 300w\" sizes=\"auto, (max-width: 427px) 100vw, 427px\" \/><\/a> <a href=\"https:\/\/www.opticapedraza.com\/blog\/wp-content\/uploads\/gafas-de-sol-chanel-salamanca-09.jpg\"><img loading=\"lazy\" decoding=\"async\" class=\"aligncenter size-full wp-image-1236\" src=\"https:\/\/www.opticapedraza.com\/blog\/wp-content\/uploads\/gafas-de-sol-chanel-salamanca-09.jpg\" alt=\"CHANEL y su exclusiva nueva colecci\u00f3n de gafas graduadas de sol\" width=\"427\" height=\"156\" srcset=\"https:\/\/www.opticapedraza.com\/blog\/wp-content\/uploads\/gafas-de-sol-chanel-salamanca-09.jpg 427w, https:\/\/www.opticapedraza.com\/blog\/wp-content\/uploads\/gafas-de-sol-chanel-salamanca-09-300x109.jpg 300w\" sizes=\"auto, (max-width: 427px) 100vw, 427px\" \/><\/a> <a href=\"https:\/\/www.opticapedraza.com\/blog\/wp-content\/uploads\/gafas-de-sol-chanel-salamanca-10.jpg\"><img loading=\"lazy\" decoding=\"async\" class=\"aligncenter size-full wp-image-1235\" src=\"https:\/\/www.opticapedraza.com\/blog\/wp-content\/uploads\/gafas-de-sol-chanel-salamanca-10.jpg\" alt=\"CHANEL y su exclusiva nueva colecci\u00f3n de gafas graduadas de sol\" width=\"388\" height=\"168\" srcset=\"https:\/\/www.opticapedraza.com\/blog\/wp-content\/uploads\/gafas-de-sol-chanel-salamanca-10.jpg 388w, https:\/\/www.opticapedraza.com\/blog\/wp-content\/uploads\/gafas-de-sol-chanel-salamanca-10-300x129.jpg 300w\" sizes=\"auto, (max-width: 388px) 100vw, 388px\" \/><\/a> <a href=\"https:\/\/www.opticapedraza.com\/blog\/wp-content\/uploads\/gafas-de-sol-chanel-salamanca-11.jpg\"><img loading=\"lazy\" decoding=\"async\" class=\"aligncenter size-full wp-image-1234\" src=\"https:\/\/www.opticapedraza.com\/blog\/wp-content\/uploads\/gafas-de-sol-chanel-salamanca-11.jpg\" alt=\"CHANEL y su exclusiva nueva colecci\u00f3n de gafas graduadas de sol\" width=\"388\" height=\"168\" srcset=\"https:\/\/www.opticapedraza.com\/blog\/wp-content\/uploads\/gafas-de-sol-chanel-salamanca-11.jpg 388w, https:\/\/www.opticapedraza.com\/blog\/wp-content\/uploads\/gafas-de-sol-chanel-salamanca-11-300x129.jpg 300w\" sizes=\"auto, (max-width: 388px) 100vw, 388px\" \/><\/a> <a href=\"https:\/\/www.opticapedraza.com\/blog\/wp-content\/uploads\/gafas-de-sol-chanel-salamanca-12.jpg\"><img loading=\"lazy\" decoding=\"async\" class=\"aligncenter size-full wp-image-1233\" src=\"https:\/\/www.opticapedraza.com\/blog\/wp-content\/uploads\/gafas-de-sol-chanel-salamanca-12.jpg\" alt=\"CHANEL y su exclusiva nueva colecci\u00f3n de gafas graduadas de sol\" width=\"388\" height=\"167\" srcset=\"https:\/\/www.opticapedraza.com\/blog\/wp-content\/uploads\/gafas-de-sol-chanel-salamanca-12.jpg 388w, https:\/\/www.opticapedraza.com\/blog\/wp-content\/uploads\/gafas-de-sol-chanel-salamanca-12-300x129.jpg 300w\" sizes=\"auto, (max-width: 388px) 100vw, 388px\" \/><\/a> <a href=\"https:\/\/www.opticapedraza.com\/blog\/wp-content\/uploads\/gafas-de-sol-chanel-salamanca-13.jpg\"><img loading=\"lazy\" decoding=\"async\" class=\"aligncenter size-full wp-image-1232\" src=\"https:\/\/www.opticapedraza.com\/blog\/wp-content\/uploads\/gafas-de-sol-chanel-salamanca-13.jpg\" alt=\"CHANEL y su exclusiva nueva colecci\u00f3n de gafas graduadas de sol\" width=\"394\" height=\"165\" srcset=\"https:\/\/www.opticapedraza.com\/blog\/wp-content\/uploads\/gafas-de-sol-chanel-salamanca-13.jpg 394w, https:\/\/www.opticapedraza.com\/blog\/wp-content\/uploads\/gafas-de-sol-chanel-salamanca-13-300x125.jpg 300w\" sizes=\"auto, (max-width: 394px) 100vw, 394px\" \/><\/a> <a href=\"https:\/\/www.opticapedraza.com\/blog\/wp-content\/uploads\/gafas-de-sol-chanel-salamanca-14.jpg\"><img loading=\"lazy\" decoding=\"async\" class=\"aligncenter size-full wp-image-1231\" src=\"https:\/\/www.opticapedraza.com\/blog\/wp-content\/uploads\/gafas-de-sol-chanel-salamanca-14.jpg\" alt=\"CHANEL y su exclusiva nueva colecci\u00f3n de gafas graduadas de sol\" width=\"388\" height=\"328\" srcset=\"https:\/\/www.opticapedraza.com\/blog\/wp-content\/uploads\/gafas-de-sol-chanel-salamanca-14.jpg 388w, https:\/\/www.opticapedraza.com\/blog\/wp-content\/uploads\/gafas-de-sol-chanel-salamanca-14-300x253.jpg 300w\" sizes=\"auto, (max-width: 388px) 100vw, 388px\" \/><\/a> <a href=\"https:\/\/www.opticapedraza.com\/blog\/wp-content\/uploads\/gafas-de-sol-chanel-salamanca-15.jpg\"><img loading=\"lazy\" decoding=\"async\" class=\"aligncenter size-full wp-image-1230\" src=\"https:\/\/www.opticapedraza.com\/blog\/wp-content\/uploads\/gafas-de-sol-chanel-salamanca-15.jpg\" alt=\"CHANEL y su exclusiva nueva colecci\u00f3n de gafas graduadas de sol\" width=\"388\" height=\"328\" srcset=\"https:\/\/www.opticapedraza.com\/blog\/wp-content\/uploads\/gafas-de-sol-chanel-salamanca-15.jpg 388w, https:\/\/www.opticapedraza.com\/blog\/wp-content\/uploads\/gafas-de-sol-chanel-salamanca-15-300x253.jpg 300w\" sizes=\"auto, (max-width: 388px) 100vw, 388px\" \/><\/a> <a href=\"https:\/\/www.opticapedraza.com\/blog\/wp-content\/uploads\/gafas-de-sol-chanel-salamanca-16.jpg\"><img loading=\"lazy\" decoding=\"async\" class=\"aligncenter size-full wp-image-1229\" src=\"https:\/\/www.opticapedraza.com\/blog\/wp-content\/uploads\/gafas-de-sol-chanel-salamanca-16.jpg\" alt=\"CHANEL y su exclusiva nueva colecci\u00f3n de gafas graduadas de sol\" width=\"388\" height=\"328\" srcset=\"https:\/\/www.opticapedraza.com\/blog\/wp-content\/uploads\/gafas-de-sol-chanel-salamanca-16.jpg 388w, https:\/\/www.opticapedraza.com\/blog\/wp-content\/uploads\/gafas-de-sol-chanel-salamanca-16-300x253.jpg 300w\" sizes=\"auto, (max-width: 388px) 100vw, 388px\" \/><\/a> <a href=\"https:\/\/www.opticapedraza.com\/blog\/wp-content\/uploads\/gafas-de-sol-chanel-salamanca-17.jpg\"><img loading=\"lazy\" decoding=\"async\" class=\"aligncenter size-full wp-image-1228\" src=\"https:\/\/www.opticapedraza.com\/blog\/wp-content\/uploads\/gafas-de-sol-chanel-salamanca-17.jpg\" alt=\"CHANEL y su exclusiva nueva colecci\u00f3n de gafas graduadas de sol\" width=\"388\" height=\"328\" srcset=\"https:\/\/www.opticapedraza.com\/blog\/wp-content\/uploads\/gafas-de-sol-chanel-salamanca-17.jpg 388w, https:\/\/www.opticapedraza.com\/blog\/wp-content\/uploads\/gafas-de-sol-chanel-salamanca-17-300x253.jpg 300w\" sizes=\"auto, (max-width: 388px) 100vw, 388px\" \/><\/a><\/p>\n<div style=\"padding-bottom:20px; padding-top:10px;\" class=\"hupso-share-buttons\"><!-- Hupso Share Buttons - https:\/\/www.hupso.com\/share\/ --><a class=\"hupso_toolbar\" href=\"https:\/\/www.hupso.com\/share\/\"><img decoding=\"async\" src=\"https:\/\/static.hupso.com\/share\/buttons\/lang\/es\/share-medium.png\" style=\"border:0px; padding-top: 5px; float:left;\" alt=\"Share Button\"\/><\/a><script type=\"text\/javascript\">var hupso_services_t=new Array(\"Twitter\",\"Facebook\",\"Google Plus\",\"Pinterest\",\"Email\",\"Print\");var hupso_background_t=\"#EAF4FF\";var hupso_border_t=\"#66CCFF\";var hupso_toolbar_size_t=\"medium\";var hupso_image_folder_url = \"\";var hupso_url_t=\"\";var hupso_title_t=\"Nueva%20colecci%C3%B3n%20de%20gafas%20graduadas%20y%20de%20sol%20de%20CHANEL\";<\/script><script type=\"text\/javascript\" src=\"https:\/\/static.hupso.com\/share\/js\/share_toolbar.js\"><\/script><!-- Hupso Share Buttons --><\/div>","protected":false},"excerpt":{"rendered":"<p>\u00a1Hola! Aunque ya hace un tiempo que ven\u00edamos avisando de la nueva colecci\u00f3n de\u00a0gafas de sol\u00a0de\u00a0CHANEL,\u00a0hemos querido presentarla\u00a0en el blog de\u00a0\u00d3ptica Salamanca Manuel Pedraza.<\/p>\n<div style=\"padding-bottom:20px; padding-top:10px;\" class=\"hupso-share-buttons\"><!-- Hupso Share Buttons - https:\/\/www.hupso.com\/share\/ --><a class=\"hupso_toolbar\" href=\"https:\/\/www.hupso.com\/share\/\"><img src=\"https:\/\/static.hupso.com\/share\/buttons\/lang\/es\/share-medium.png\" style=\"border:0px; padding-top: 5px; float:left;\" alt=\"Share Button\"\/><\/a><script type=\"text\/javascript\">var hupso_services_t=new Array(\"Twitter\",\"Facebook\",\"Google Plus\",\"Pinterest\",\"Email\",\"Print\");var hupso_background_t=\"#EAF4FF\";var hupso_border_t=\"#66CCFF\";var hupso_toolbar_size_t=\"medium\";var hupso_image_folder_url = \"\";var hupso_url_t=\"\";var hupso_title_t=\"Nueva%20colecci%C3%B3n%20de%20gafas%20graduadas%20y%20de%20sol%20de%20CHANEL\";<\/script><script type=\"text\/javascript\" src=\"https:\/\/static.hupso.com\/share\/js\/share_toolbar.js\"><\/script><!-- Hupso Share Buttons --><\/div>","protected":false},"author":1,"featured_media":0,"comment_status":"open","ping_status":"closed","sticky":false,"template":"","format":"standard","meta":{"footnotes":""},"categories":[2],"tags":[16,17,10],"class_list":["post-1227","post","type-post","status-publish","format-standard","hentry","category-gafas-de-sol","tag-chanel","tag-gafas","tag-gafas-de-sol-2"],"aioseo_notices":[],"_links":{"self":[{"href":"https:\/\/www.opticapedraza.com\/blog\/wp-json\/wp\/v2\/posts\/1227","targetHints":{"allow":["GET"]}}],"collection":[{"href":"https:\/\/www.opticapedraza.com\/blog\/wp-json\/wp\/v2\/posts"}],"about":[{"href":"https:\/\/www.opticapedraza.com\/blog\/wp-json\/wp\/v2\/types\/post"}],"author":[{"embeddable":true,"href":"https:\/\/www.opticapedraza.com\/blog\/wp-json\/wp\/v2\/users\/1"}],"replies":[{"embeddable":true,"href":"https:\/\/www.opticapedraza.com\/blog\/wp-json\/wp\/v2\/comments?post=1227"}],"version-history":[{"count":14,"href":"https:\/\/www.opticapedraza.com\/blog\/wp-json\/wp\/v2\/posts\/1227\/revisions"}],"predecessor-version":[{"id":1259,"href":"https:\/\/www.opticapedraza.com\/blog\/wp-json\/wp\/v2\/posts\/1227\/revisions\/1259"}],"wp:attachment":[{"href":"https:\/\/www.opticapedraza.com\/blog\/wp-json\/wp\/v2\/media?parent=1227"}],"wp:term":[{"taxonomy":"category","embeddable":true,"href":"https:\/\/www.opticapedraza.com\/blog\/wp-json\/wp\/v2\/categories?post=1227"},{"taxonomy":"post_tag","embeddable":true,"href":"https:\/\/www.opticapedraza.com\/blog\/wp-json\/wp\/v2\/tags?post=1227"}],"curies":[{"name":"wp","href":"https:\/\/api.w.org\/{rel}","templated":true}]}}