{"id":1147,"date":"2014-06-06T13:11:15","date_gmt":"2014-06-06T13:11:15","guid":{"rendered":"https:\/\/www.opticapedraza.com\/blog\/?p=1147"},"modified":"2014-06-06T13:11:15","modified_gmt":"2014-06-06T13:11:15","slug":"thierry-lasry-harry-larys-en-optica-manuel-pedraza","status":"publish","type":"post","link":"https:\/\/www.opticapedraza.com\/blog\/thierry-lasry-harry-larys-en-optica-manuel-pedraza\/","title":{"rendered":"THIERRY LASRY &#038; HARRY LARY\u00b4S en \u00d3ptica  Manuel Pedraza"},"content":{"rendered":"<p>\u00a0Algunos modelos m\u00e1s de las impresionantes colecciones francesas, de gafas de sol de Thierry Lasry y de gafas graduadas de Harry Lary\u00b4s.<\/p>\n<p><a href=\"https:\/\/www.opticapedraza.com\/blog\/wp-content\/uploads\/238dirtymindyb3.jpg\"><img loading=\"lazy\" decoding=\"async\" class=\"size-medium wp-image-1150 aligncenter\" src=\"https:\/\/www.opticapedraza.com\/blog\/wp-content\/uploads\/238dirtymindyb3-211x300.jpg\" alt=\"Thierry Lasry\" width=\"211\" height=\"300\" srcset=\"https:\/\/www.opticapedraza.com\/blog\/wp-content\/uploads\/238dirtymindyb3-211x300.jpg 211w, https:\/\/www.opticapedraza.com\/blog\/wp-content\/uploads\/238dirtymindyb3.jpg 379w\" sizes=\"auto, (max-width: 211px) 100vw, 211px\" \/><\/a><\/p>\n<p>\u00a0Este a\u00f1o podemos ver much\u00edsimo el acetato en cristal rosa, aqu\u00ed combinado con negro y las nuevas varillas negro-oro&#8230;&#8230;.puf&#8230;&#8230;preciosa!<\/p>\n<p><a href=\"https:\/\/www.opticapedraza.com\/blog\/wp-content\/uploads\/AMUSY-C54-LD22.jpg\"><img loading=\"lazy\" decoding=\"async\" class=\"size-medium wp-image-1149 aligncenter\" src=\"https:\/\/www.opticapedraza.com\/blog\/wp-content\/uploads\/AMUSY-C54-LD22-300x200.jpg\" alt=\"Harry Larys\" width=\"300\" height=\"200\" srcset=\"https:\/\/www.opticapedraza.com\/blog\/wp-content\/uploads\/AMUSY-C54-LD22-300x200.jpg 300w, https:\/\/www.opticapedraza.com\/blog\/wp-content\/uploads\/AMUSY-C54-LD22-1024x682.jpg 1024w, https:\/\/www.opticapedraza.com\/blog\/wp-content\/uploads\/AMUSY-C54-LD22-900x600.jpg 900w, https:\/\/www.opticapedraza.com\/blog\/wp-content\/uploads\/AMUSY-C54-LD22.jpg 1300w\" sizes=\"auto, (max-width: 300px) 100vw, 300px\" \/><\/a><\/p>\n<p>\u00a0Y el acetat0 rosa en leopardo, con forma redonda pero tambi\u00e9n la tenemos con la forma gatuna tan femenina que nos encanta.<\/p>\n<p>Ya sab\u00e9is que si estais interesados\/as en lo que veis en nuestro blog solo teneis que poneros en contacto con nosotros a trav\u00e9s de nuestra <strong>tienda online<\/strong> o en el tel\u00e9fono 923217770<\/p>\n<p>&nbsp;<\/p>\n<div style=\"padding-bottom:20px; padding-top:10px;\" class=\"hupso-share-buttons\"><!-- Hupso Share Buttons - https:\/\/www.hupso.com\/share\/ --><a class=\"hupso_toolbar\" href=\"https:\/\/www.hupso.com\/share\/\"><img decoding=\"async\" src=\"https:\/\/static.hupso.com\/share\/buttons\/lang\/es\/share-medium.png\" style=\"border:0px; padding-top: 5px; float:left;\" alt=\"Share Button\"\/><\/a><script type=\"text\/javascript\">var hupso_services_t=new Array(\"Twitter\",\"Facebook\",\"Google Plus\",\"Pinterest\",\"Email\",\"Print\");var hupso_background_t=\"#EAF4FF\";var hupso_border_t=\"#66CCFF\";var hupso_toolbar_size_t=\"medium\";var hupso_image_folder_url = \"\";var hupso_url_t=\"\";var hupso_title_t=\"THIERRY%20LASRY%20%26%20HARRY%20LARY%C2%B4S%20en%20%C3%93ptica%20%20Manuel%20Pedraza\";<\/script><script type=\"text\/javascript\" src=\"https:\/\/static.hupso.com\/share\/js\/share_toolbar.js\"><\/script><!-- Hupso Share Buttons --><\/div>","protected":false},"excerpt":{"rendered":"<p>\u00a0Algunos modelos m\u00e1s de las impresionantes colecciones francesas, de gafas de sol de Thierry Lasry y de gafas graduadas de Harry Lary\u00b4s. \u00a0Este a\u00f1o podemos ver much\u00edsimo el acetato en cristal rosa, aqu\u00ed combinado con negro y las nuevas varillas&#8230;<\/p>\n<div style=\"padding-bottom:20px; padding-top:10px;\" class=\"hupso-share-buttons\"><!-- Hupso Share Buttons - https:\/\/www.hupso.com\/share\/ --><a class=\"hupso_toolbar\" href=\"https:\/\/www.hupso.com\/share\/\"><img src=\"https:\/\/static.hupso.com\/share\/buttons\/lang\/es\/share-medium.png\" style=\"border:0px; padding-top: 5px; float:left;\" alt=\"Share Button\"\/><\/a><script type=\"text\/javascript\">var hupso_services_t=new Array(\"Twitter\",\"Facebook\",\"Google Plus\",\"Pinterest\",\"Email\",\"Print\");var hupso_background_t=\"#EAF4FF\";var hupso_border_t=\"#66CCFF\";var hupso_toolbar_size_t=\"medium\";var hupso_image_folder_url = \"\";var hupso_url_t=\"\";var hupso_title_t=\"THIERRY%20LASRY%20%26%20HARRY%20LARY%C2%B4S%20en%20%C3%93ptica%20%20Manuel%20Pedraza\";<\/script><script type=\"text\/javascript\" src=\"https:\/\/static.hupso.com\/share\/js\/share_toolbar.js\"><\/script><!-- Hupso Share Buttons --><\/div>","protected":false},"author":1,"featured_media":1148,"comment_status":"open","ping_status":"closed","sticky":false,"template":"","format":"standard","meta":{"footnotes":""},"categories":[2,1,6],"tags":[10,39,110,28],"class_list":["post-1147","post","type-post","status-publish","format-standard","has-post-thumbnail","hentry","category-gafas-de-sol","category-gafas-graduadas","category-moda","tag-gafas-de-sol-2","tag-gafas-graduadas-2","tag-harry-larys","tag-thierry-lasry"],"aioseo_notices":[],"_links":{"self":[{"href":"https:\/\/www.opticapedraza.com\/blog\/wp-json\/wp\/v2\/posts\/1147","targetHints":{"allow":["GET"]}}],"collection":[{"href":"https:\/\/www.opticapedraza.com\/blog\/wp-json\/wp\/v2\/posts"}],"about":[{"href":"https:\/\/www.opticapedraza.com\/blog\/wp-json\/wp\/v2\/types\/post"}],"author":[{"embeddable":true,"href":"https:\/\/www.opticapedraza.com\/blog\/wp-json\/wp\/v2\/users\/1"}],"replies":[{"embeddable":true,"href":"https:\/\/www.opticapedraza.com\/blog\/wp-json\/wp\/v2\/comments?post=1147"}],"version-history":[{"count":2,"href":"https:\/\/www.opticapedraza.com\/blog\/wp-json\/wp\/v2\/posts\/1147\/revisions"}],"predecessor-version":[{"id":1152,"href":"https:\/\/www.opticapedraza.com\/blog\/wp-json\/wp\/v2\/posts\/1147\/revisions\/1152"}],"wp:featuredmedia":[{"embeddable":true,"href":"https:\/\/www.opticapedraza.com\/blog\/wp-json\/wp\/v2\/media\/1148"}],"wp:attachment":[{"href":"https:\/\/www.opticapedraza.com\/blog\/wp-json\/wp\/v2\/media?parent=1147"}],"wp:term":[{"taxonomy":"category","embeddable":true,"href":"https:\/\/www.opticapedraza.com\/blog\/wp-json\/wp\/v2\/categories?post=1147"},{"taxonomy":"post_tag","embeddable":true,"href":"https:\/\/www.opticapedraza.com\/blog\/wp-json\/wp\/v2\/tags?post=1147"}],"curies":[{"name":"wp","href":"https:\/\/api.w.org\/{rel}","templated":true}]}}